{"id":604442,"date":"2025-12-17T04:35:10","date_gmt":"2025-12-17T04:35:10","guid":{"rendered":"https:\/\/www.europesays.com\/fr\/604442\/"},"modified":"2025-12-17T04:35:10","modified_gmt":"2025-12-17T04:35:10","slug":"les-agriculteurs-annoncent-dautres-actions-des-mercredi","status":"publish","type":"post","link":"https:\/\/www.europesays.com\/fr\/604442\/","title":{"rendered":"les agriculteurs annoncent d&rsquo;autres actions d\u00e8s mercredi"},"content":{"rendered":"<p>                    Par<br \/>\n        <strong><br \/>\n            <a href=\"https:\/\/actu.fr\/auteur\/david-saint-sernin\" title=\"Consulter tous les articles de David Saint-Sernin\" target=\"_blank\" rel=\"noopener\">David Saint-Sernin<\/a><br \/>\n                    <\/strong><\/p>\n<p>        Publi\u00e9 le<\/p>\n<p>            17 d\u00e9c. 2025 \u00e0 5h22        <\/p>\n<p>Mardi 16 d\u00e9cembre 2025, la mobilisation des agriculteurs, dans le cadre de la<a href=\"https:\/\/actu.fr\/tag\/agriculture\" target=\"_blank\" rel=\"noopener\"> crise sanitaire de la dermatose nodulaire,<\/a> est encore mont\u00e9e d\u2019un cran en Occitanie, notamment apr\u00e8s la visite de la ministre de l\u2019Agriculture, qui n\u2019a visiblement convaincu personne. Toute la journ\u00e9e,<a href=\"https:\/\/actu.fr\/occitanie\/toulouse_31555\/colere-des-agriculteurs-routes-trains-autoroutes-nouvelle-journee-de-blocage-a-toulouse-et-aux-alentours_63581243.html\" target=\"_blank\" rel=\"noopener\"> les actions se sont multipli\u00e9es<\/a> sur les routes, les autoroutes et m\u00eame <a href=\"https:\/\/actu.fr\/occitanie\/villefranche-de-lauragais_31582\/blocage-des-agriculteurs-en-haute-garonne-ligne-sncf-toulouse-narbonne-et-rd-813-coupees-a-la-circulation_63582168.html\" target=\"_blank\" rel=\"noopener\">sur certaines voies ferr\u00e9es.<\/a><\/p>\n<p>5h20. D\u2019autres actions annonc\u00e9es mercredi matin<\/p>\n<p class=\" wall-content\">D\u2019autres points de blocage devraient \u00eatre mis en place ce mercredi 17 d\u00e9cembre au matin au sud-est de Toulouse. Les Jeunes agriculteurs de l\u2019Aude ont, en effet, lanc\u00e9 un appel \u00e0 mobilisation <strong>\u00e0 Castelnaudary,<\/strong> \u00e0 partir de 8\u2009h, au niveau du rond-point situ\u00e9 \u00e0 proximit\u00e9 de l\u2019autoroute A61, rebaptis\u00e9 \u00ab\u2009rond-point de la col\u00e8re\u2009\u00bb par les agriculteurs du secteur.<\/p>\n<p class=\" wall-content\">De son c\u00f4t\u00e9, la\u00a0FDSEA de l\u2019Aude\u00a0annonce une action <strong>\u00e0\u00a0Bram<\/strong>, l\u00e0 aussi \u00e0 8\u2009h au niveau du rond-point permettant d\u2019acc\u00e9der \u00e0 l\u2019autoroute A61.<\/p>\n<p>5h15. Le nombre de blocages augmente<\/p>\n<p class=\" wall-content\">Mardi soir le nombre de blocages avait augment\u00e9. L\u2019autoroute A20 \u00e9tait coup\u00e9e au niveau de Cahors, l\u2019A61 \u00e0 Villefranche-de-Lauragais, et un point de blocage s\u2019est install\u00e9 au niveau de Muret, pr\u00e8s de Toulouse, sur l\u2019A64.\u00a0<\/p>\n<p class=\" wall-content\">Mardi soir, la situation est devenue assez claire : Toulouse est d\u00e9sormais quasiment encercl\u00e9e par les blocages, comme en 2024, quand les agriculteurs s\u2019\u00e9taient positionn\u00e9s sur les m\u00eames autoroutes dans le cadre d\u2019un des blocages parmi les plus durs de ces derni\u00e8res ann\u00e9es.\u00a0<\/p>\n<p>5h10. Un gros blocage \u00e0 Muret, pr\u00e8s de Toulouse<\/p>\n<p class=\" wall-content\">Apr\u00e8s le blocus de Carbonne, l\u2019A64 est bloqu\u00e9e \u00e0 Muret, en direction de Toulouse. Notre reportage, sur place, mardi 16 d\u00e9cembre 2025 :<\/p>\n<p>5h. La carte des blocages<\/p>\n<p class=\" wall-content\">Mardi soir, voici o\u00f9 se trouvaient les blocages sur les autoroutes en Occitanie.<\/p>\n<p class=\" wall-content\">\n<p class=\" wall-content\">Personnalisez votre actualit\u00e9 en ajoutant vos villes et m\u00e9dias en favori avec <a href=\"https:\/\/moncompte.actu.fr\" title=\"D\u00e9couvez Mon Actu\" rel=\"nofollow noopener\" data-trk=\"{&quot;cta&quot;:{&quot;action&quot;:&quot;https:\\\/\\\/moncompte.actu.fr&quot;,&quot;category&quot;:&quot;mon compte&quot;,&quot;from&quot;:&quot;article footer&quot;,&quot;name&quot;:&quot;Mon actu&quot;,&quot;type&quot;:&quot;cta&quot;}}\" target=\"_blank\">Mon Actu<\/a>.<\/p>\n","protected":false},"excerpt":{"rendered":"Par David Saint-Sernin Publi\u00e9 le 17 d\u00e9c. 2025 \u00e0 5h22 Mardi 16 d\u00e9cembre 2025, la mobilisation des agriculteurs,&hellip;\n","protected":false},"author":2,"featured_media":604443,"comment_status":"","ping_status":"","sticky":false,"template":"","format":"standard","meta":{"footnotes":""},"categories":[2816],"tags":[1111,11,327,70814,1777,674,1011,27,12,2680,25,104,2312],"class_list":{"0":"post-604442","1":"post","2":"type-post","3":"status-publish","4":"format-standard","5":"has-post-thumbnail","7":"category-toulouse","8":"tag-actu","9":"tag-actualites","10":"tag-agriculture","11":"tag-dermatose-nodulaire","12":"tag-eu","13":"tag-europe","14":"tag-fr","15":"tag-france","16":"tag-news","17":"tag-occitanie","18":"tag-republique-francaise","19":"tag-societe","20":"tag-toulouse"},"share_on_mastodon":{"url":"https:\/\/pubeurope.com\/@fr\/115733051789376245","error":""},"_links":{"self":[{"href":"https:\/\/www.europesays.com\/fr\/wp-json\/wp\/v2\/posts\/604442","targetHints":{"allow":["GET"]}}],"collection":[{"href":"https:\/\/www.europesays.com\/fr\/wp-json\/wp\/v2\/posts"}],"about":[{"href":"https:\/\/www.europesays.com\/fr\/wp-json\/wp\/v2\/types\/post"}],"author":[{"embeddable":true,"href":"https:\/\/www.europesays.com\/fr\/wp-json\/wp\/v2\/users\/2"}],"replies":[{"embeddable":true,"href":"https:\/\/www.europesays.com\/fr\/wp-json\/wp\/v2\/comments?post=604442"}],"version-history":[{"count":0,"href":"https:\/\/www.europesays.com\/fr\/wp-json\/wp\/v2\/posts\/604442\/revisions"}],"wp:featuredmedia":[{"embeddable":true,"href":"https:\/\/www.europesays.com\/fr\/wp-json\/wp\/v2\/media\/604443"}],"wp:attachment":[{"href":"https:\/\/www.europesays.com\/fr\/wp-json\/wp\/v2\/media?parent=604442"}],"wp:term":[{"taxonomy":"category","embeddable":true,"href":"https:\/\/www.europesays.com\/fr\/wp-json\/wp\/v2\/categories?post=604442"},{"taxonomy":"post_tag","embeddable":true,"href":"https:\/\/www.europesays.com\/fr\/wp-json\/wp\/v2\/tags?post=604442"}],"curies":[{"name":"wp","href":"https:\/\/api.w.org\/{rel}","templated":true}]}}