{"id":604446,"date":"2025-12-17T04:38:34","date_gmt":"2025-12-17T04:38:34","guid":{"rendered":"https:\/\/www.europesays.com\/fr\/604446\/"},"modified":"2025-12-17T04:38:34","modified_gmt":"2025-12-17T04:38:34","slug":"franck-thilliez-et-michel-montheillet-en-rencontre-dedicace-a-la-fnac-lille","status":"publish","type":"post","link":"https:\/\/www.europesays.com\/fr\/604446\/","title":{"rendered":"Franck Thilliez et Michel Montheillet en rencontre-d\u00e9dicace \u00e0 la Fnac Lille !"},"content":{"rendered":"<p>L\u2019auteur phare du polar francophone et le dessinateur de bandes dessin\u00e9es viennent \u00e9changer avec leurs lecteurs \u00e0 l\u2019occasion d\u2019une rencontre autour de leur BD \u00ab\u00a01991\u00a0\u00bb, l\u2019adaptation du polar de Franck Thilliez. Ce moment d\u2019\u00e9change en magasin se prolongera par une s\u00e9ance de d\u00e9dicace.<\/p>\n<p>Rendez-vous \u00e0 la Fnac Lille pour rencontrer Franck Thilliez et Michel Montheillet, et red\u00e9couvrir en BD la premi\u00e8re enqu\u00eate du c\u00e9l\u00e8bre commissaire Franck Sharcko !<\/p>\n<p><strong>Les auteurs<\/strong><\/p>\n<p><strong>Franck Thilliez<\/strong><br \/>N\u00e9 en 1973 \u00e0 Annecy, Franck Thilliez est un \u00e9crivain et sc\u00e9nariste fran\u00e7ais sp\u00e9cialis\u00e9 dans les thrillers. Connaissant le succ\u00e8s gr\u00e2ce aux enqu\u00eates de son commissaire Franck Sharko et de l\u2019inspectrice Lucie Henebelle, il est l\u2019un des auteurs du genre les plus vendus en France.\u00a0<a href=\"https:\/\/www.fnac.com\/Franck-Thilliez\/ia477863\/bio#fulldescription\" target=\"_blank\" rel=\"noopener\">En savoir plus<\/a><\/p>\n<p><strong>Michel Montheillet<br \/><\/strong>N\u00e9 \u00e0 Lyon en 1968, Michel Montheillet est un dessinateur et sc\u00e9nariste de bande dessin\u00e9e. Form\u00e9 aux Beaux-Arts puis au graphisme publicitaire, il passe par l\u2019animation avant d\u2019illustrer des livres-jeux chez Hachette Jeunesse. Il est l\u2019illustrateur de l\u2019adaptation BD des sagas de Maxime Chattam (Autre-Monde, La Trilogie du mal) et collabore \u00e0 de nombreux ouvrages consacr\u00e9s aux super-h\u00e9ros qui le passionnent.<\/p>\n<p><strong>La BD :\u00a01991<\/strong><\/p>\n<p><a href=\"https:\/\/leclaireur.fnac.com\/evenement\/cp69453-franck-thilliez-et-michel-montheillet-en-rencontre-dedicace-a-la-fnac-lille\/1991\" target=\"_blank\" rel=\"noopener\"><img decoding=\"async\" class=\"floatl\" style=\"width: 145px; height: 200px; padding-right: 10px;\" src=\"https:\/\/www.europesays.com\/fr\/wp-content\/uploads\/2025\/12\/2537691.jpg\" alt=\"https:\/\/leclaireur.fnac.com\/evenement\/cp69453-franck-thilliez-et-michel-montheillet-en-rencontre-dedicace-a-la-fnac-lille\/1991\"\/><\/a>En 1991, Franck Sharko n\u2019est qu\u2019un bleu fra\u00eechement affect\u00e9 au mythique 36, quai des Orf\u00e8vres.<br \/>Il tente d\u2019apporter un regard neuf sur l\u2019affaire non r\u00e9solue des \u00ab\u00a0Disparues du sud parisien\u00a0\u00bb, des femmes enlev\u00e9es et tu\u00e9es. La photo d\u2019une femme sequestr\u00e9e va relancer le \u00ab\u00a0cold case\u00a0\u00bb\u2026<\/p>\n<p><strong>La premi\u00e8re enqu\u00eate sous pression du flic f\u00e9tiche de Franck Thilliez !<\/strong><\/p>\n<p style=\"text-align: center;\"><a href=\"https:\/\/www.babelio.com\/article\/3035\/Rencontrez-des-auteurs-partout-en-France-avec-Babe\" target=\"_blank\" rel=\"noopener\"><strong><img decoding=\"async\" class=\"center bloc\" style=\"width: 145px; height: 44px; padding-right: 10px; padding-left: 10px;\" src=\"https:\/\/www.europesays.com\/fr\/wp-content\/uploads\/2025\/12\/2504035.gif\" alt=\"330px-Logo_Babelio\"\/><\/strong><\/a><\/p>\n<p style=\"text-align: center;\">*\u00c9v\u00e9nement gratuit, acc\u00e8s dans la limite des places disponibles<\/p>\n<p>        <img decoding=\"async\" src=\"https:\/\/www.europesays.com\/fr\/wp-content\/uploads\/2025\/04\/logo-rse.png\" alt=\"Logo RSE\" loading=\"lazy\" width=\"84\" height=\"116\"\/><\/p>\n<p>\n        La Fnac s\u2019engage activement dans les initiatives de responsabilit\u00e9 soci\u00e9tale des entreprises (RSE).\n    <\/p>\n<p>\n        Aidez-nous en choisissant la mobilit\u00e9 douce en privil\u00e9giant par exemple le v\u00e9lo (pistes cyclables et stationnements \u00e0 disposition), les transports en commun ou le covoiturage pour nous rejoindre. Ainsi, vous contribuez \u00e0 r\u00e9duire les \u00e9missions de gaz \u00e0 effet de serre et \u00e0 am\u00e9liorer notre qualit\u00e9 de l\u2019air. Pour plus d\u2019information, consultez la fiche du magasin.<br \/>Tous nos \u00e9v\u00e8nements sont en acc\u00e8s gratuit, dans la limite des places disponibles.\n    <\/p>\n","protected":false},"excerpt":{"rendered":"L\u2019auteur phare du polar francophone et le dessinateur de bandes dessin\u00e9es viennent \u00e9changer avec leurs lecteurs \u00e0 l\u2019occasion&hellip;\n","protected":false},"author":2,"featured_media":604447,"comment_status":"","ping_status":"","sticky":false,"template":"","format":"standard","meta":{"footnotes":""},"categories":[2815],"tags":[1111,11,71630,24619,1067,1777,674,9391,1011,27,71631,811,1307,1351,12,4747,25],"class_list":{"0":"post-604446","1":"post","2":"type-post","3":"status-publish","4":"format-standard","5":"has-post-thumbnail","7":"category-lille","8":"tag-actu","9":"tag-actualites","10":"tag-adaptation-bd","11":"tag-detective","12":"tag-enquete","13":"tag-eu","14":"tag-europe","15":"tag-evenement-fnac-gratuit","16":"tag-fr","17":"tag-france","18":"tag-franck-sacko","19":"tag-hauts-de-france","20":"tag-lille","21":"tag-litterature","22":"tag-news","23":"tag-polar","24":"tag-republique-francaise"},"share_on_mastodon":{"url":"https:\/\/pubeurope.com\/@fr\/115733066131498332","error":""},"_links":{"self":[{"href":"https:\/\/www.europesays.com\/fr\/wp-json\/wp\/v2\/posts\/604446","targetHints":{"allow":["GET"]}}],"collection":[{"href":"https:\/\/www.europesays.com\/fr\/wp-json\/wp\/v2\/posts"}],"about":[{"href":"https:\/\/www.europesays.com\/fr\/wp-json\/wp\/v2\/types\/post"}],"author":[{"embeddable":true,"href":"https:\/\/www.europesays.com\/fr\/wp-json\/wp\/v2\/users\/2"}],"replies":[{"embeddable":true,"href":"https:\/\/www.europesays.com\/fr\/wp-json\/wp\/v2\/comments?post=604446"}],"version-history":[{"count":0,"href":"https:\/\/www.europesays.com\/fr\/wp-json\/wp\/v2\/posts\/604446\/revisions"}],"wp:featuredmedia":[{"embeddable":true,"href":"https:\/\/www.europesays.com\/fr\/wp-json\/wp\/v2\/media\/604447"}],"wp:attachment":[{"href":"https:\/\/www.europesays.com\/fr\/wp-json\/wp\/v2\/media?parent=604446"}],"wp:term":[{"taxonomy":"category","embeddable":true,"href":"https:\/\/www.europesays.com\/fr\/wp-json\/wp\/v2\/categories?post=604446"},{"taxonomy":"post_tag","embeddable":true,"href":"https:\/\/www.europesays.com\/fr\/wp-json\/wp\/v2\/tags?post=604446"}],"curies":[{"name":"wp","href":"https:\/\/api.w.org\/{rel}","templated":true}]}}