{"id":604448,"date":"2025-12-17T04:39:12","date_gmt":"2025-12-17T04:39:12","guid":{"rendered":"https:\/\/www.europesays.com\/fr\/604448\/"},"modified":"2025-12-17T04:39:12","modified_gmt":"2025-12-17T04:39:12","slug":"la-chorale-la-marsilia-en-concert-a-la-salle-des-fetes","status":"publish","type":"post","link":"https:\/\/www.europesays.com\/fr\/604448\/","title":{"rendered":"La chorale La Marsilia en concert \u00e0 la salle des f\u00eates"},"content":{"rendered":"<p>La chorale La Marsilia de Portiragnes qui r\u00e9unit une trentaine de choristes, dont plusieurs Cersois, donnera son concert annuel le jeudi 18 d\u00e9cembre, \u00e0 18 h. Cette ann\u00e9e, c\u2019est \u00e0 la salle des f\u00eates qu\u2019elle se produira, l\u2019\u00e9glise \u00e9tant momentan\u00e9ment ferm\u00e9e pour des raisons de s\u00e9curit\u00e9.<\/p>\n<p>Sous la direction de Florent Th\u00e9ron, c\u2019est un programme des plus vari\u00e9s qui sera i\u0302interpr\u00e9t\u00e9. Un beau m\u00e9lange de chants traditionnels de No\u00ebl, mais aussi de pi\u00e8ces en espagnol, en anglais et en occitan et pour finir en beaut\u00e9, un medley de No\u00ebl invitera tout le monde \u00e0 participer. Une belle occasion de se mettre dans l\u2019ambiance de fin d\u2019ann\u00e9e, dans la joie et la convivialit\u00e9.<\/p>\n","protected":false},"excerpt":{"rendered":"La chorale La Marsilia de Portiragnes qui r\u00e9unit une trentaine de choristes, dont plusieurs Cersois, donnera son concert&hellip;\n","protected":false},"author":2,"featured_media":604449,"comment_status":"","ping_status":"","sticky":false,"template":"","format":"standard","meta":{"footnotes":""},"categories":[2814],"tags":[1111,11,71632,58,1777,674,1011,27,7089,884,873,12,882,25],"class_list":{"0":"post-604448","1":"post","2":"type-post","3":"status-publish","4":"format-standard","5":"has-post-thumbnail","7":"category-marseille","8":"tag-actu","9":"tag-actualites","10":"tag-cers","11":"tag-divertissement","12":"tag-eu","13":"tag-europe","14":"tag-fr","15":"tag-france","16":"tag-herault","17":"tag-marseille","18":"tag-musique","19":"tag-news","20":"tag-provence-alpes-cote-dazur","21":"tag-republique-francaise"},"share_on_mastodon":{"url":"https:\/\/pubeurope.com\/@fr\/115733067548677907","error":""},"_links":{"self":[{"href":"https:\/\/www.europesays.com\/fr\/wp-json\/wp\/v2\/posts\/604448","targetHints":{"allow":["GET"]}}],"collection":[{"href":"https:\/\/www.europesays.com\/fr\/wp-json\/wp\/v2\/posts"}],"about":[{"href":"https:\/\/www.europesays.com\/fr\/wp-json\/wp\/v2\/types\/post"}],"author":[{"embeddable":true,"href":"https:\/\/www.europesays.com\/fr\/wp-json\/wp\/v2\/users\/2"}],"replies":[{"embeddable":true,"href":"https:\/\/www.europesays.com\/fr\/wp-json\/wp\/v2\/comments?post=604448"}],"version-history":[{"count":0,"href":"https:\/\/www.europesays.com\/fr\/wp-json\/wp\/v2\/posts\/604448\/revisions"}],"wp:featuredmedia":[{"embeddable":true,"href":"https:\/\/www.europesays.com\/fr\/wp-json\/wp\/v2\/media\/604449"}],"wp:attachment":[{"href":"https:\/\/www.europesays.com\/fr\/wp-json\/wp\/v2\/media?parent=604448"}],"wp:term":[{"taxonomy":"category","embeddable":true,"href":"https:\/\/www.europesays.com\/fr\/wp-json\/wp\/v2\/categories?post=604448"},{"taxonomy":"post_tag","embeddable":true,"href":"https:\/\/www.europesays.com\/fr\/wp-json\/wp\/v2\/tags?post=604448"}],"curies":[{"name":"wp","href":"https:\/\/api.w.org\/{rel}","templated":true}]}}