{"id":604450,"date":"2025-12-17T04:40:15","date_gmt":"2025-12-17T04:40:15","guid":{"rendered":"https:\/\/www.europesays.com\/fr\/604450\/"},"modified":"2025-12-17T04:40:15","modified_gmt":"2025-12-17T04:40:15","slug":"la-figure-des-ecologistes-a-marseille-condamnee-pour-corruption-de-mineur","status":"publish","type":"post","link":"https:\/\/www.europesays.com\/fr\/604450\/","title":{"rendered":"La figure des Ecologistes \u00e0 Marseille condamn\u00e9e pour corruption de mineur"},"content":{"rendered":"<p>De la politique de la cit\u00e9 phoc\u00e9enne au banc d\u2019un tribunal. Figure marseillaise des Ecologistes, <a href=\"https:\/\/www.20minutes.fr\/politique\/4179611-20251016-leader-ecologistes-marseille-convoque-corruption-mineur\" target=\"_blank\" class=\"c-link c-link--is-underlined\" rel=\"noopener\">Hassen Hammou<\/a> a \u00e9t\u00e9 condamn\u00e9 mardi \u00e0 15 mois de prison avec sursis pour corruption de mineur. Le militant \u00e9tait jug\u00e9 pour \u00ab\u00a0incitation d\u2019un mineur par un majeur, utilisant un moyen de communication \u00e9lectronique, \u00e0 commettre un acte de nature sexuelle\u00a0\u00bb.<\/p>\n<p>R\u00e9agissant au jugement, son parti a indiqu\u00e9 que le militant de 37 ans n\u2019avait \u00ab\u00a0plus sa place chez Les \u00c9cologistes\u00a0\u00bb, rappelant qu\u2019il avait \u00e9t\u00e9 \u00ab\u00a0suspendu \u00e0 titre conservatoire\u00a0\u00bb \u00e0 la mi-octobre. Il avait \u00e9t\u00e9 bri\u00e8vement choisi pour diriger les \u00e9cologistes au sein d\u2019une coalition de gauche en vue des <a href=\"https:\/\/www.20minutes.fr\/politique\/4188273-20251208-municipales-2026-duels-fratricides-gauche-grandes-villes\" target=\"_blank\" class=\"c-link c-link--is-underlined\" rel=\"noopener\">municipales<\/a> de mars.<\/p>\n<p>Des \u00e9changes avec un ado de 16 ans<\/p>\n<p>Hassen Hammou avait eu des \u00e9changes avec un adolescent de 16 ans, notamment sur le forum de rencontre <a href=\"https:\/\/www.20minutes.fr\/high-tech\/by-the-web\/4097935-20240625-sulfureux-site-discussion-coco-gg-ferme-justice\" target=\"_blank\" class=\"c-link c-link--is-underlined\" rel=\"noopener\">Coco, aujourd\u2019hui interdit<\/a>, selon des informations ayant filtr\u00e9 d\u2019une pr\u00e9c\u00e9dente audience \u00e0 huis clos.<\/p>\n<\/p>\n<p>Outre sa peine de prison assortie d\u2019un sursis de cinq ans, il est condamn\u00e9 \u00e0 une inscription \u2013 pendant vingt ans \u2013 au fichier judiciaire automatis\u00e9 des auteurs d\u2019infractions sexuelles ou violentes (Fijais). Il a aussi \u00e9t\u00e9 condamn\u00e9 par le tribunal correctionnel de Marseille \u00e0 une interdiction d\u2019exercer toute profession en contact avec des mineurs pendant trois ans.<\/p>\n<p>L\u2019avocat de la victime, Me Cyril Ammar, a salu\u00e9 un jugement \u00ab\u00a0courageux qui d\u00e9montre la gravit\u00e9 des faits\u00a0\u00bb reproch\u00e9s \u00e0 Hassen Hammou. \u00ab\u00a0On a r\u00e9ussi \u00e0 d\u00e9montrer que le comportement de celui-ci n\u2019\u00e9tait pas adapt\u00e9\u00a0\u00bb.<\/p>\n<p>Hassen Hammou va faire appel<\/p>\n<p>\u00ab\u00a0Je r\u00e9affirme avec force mon innocence\u00a0\u00bb, a r\u00e9agi Hassen Hammou sur son compte X, fustigeant \u00ab\u00a0un dossier vide\u00a0\u00bb. Par le pass\u00e9, il s\u2019\u00e9tait d\u00e9j\u00e0 d\u00e9fendu en assurant avoir \u00e9t\u00e9 victime d\u2019une \u00ab\u00a0agression crapuleuse\u00a0\u00bb men\u00e9e par deux personnes. Il avait rappel\u00e9 que ses \u00ab\u00a0agresseurs\u00a0\u00bb avaient \u00e9t\u00e9 d\u00e9clar\u00e9s \u00ab\u00a0coupables\u00a0\u00bb d\u2019extorsion de fonds. \u00ab\u00a0C\u2019est une d\u00e9flagration, \u00e7a fait un an que M. Hammou subit cette proc\u00e9dure, on va devoir en passer par la cour d\u2019appel d\u2019Aix-en-Provence pour obtenir une relaxe\u00a0\u00bb, a d\u00e9clar\u00e9 mardi son avocat, Me Alban Richeboeuf.<\/p>\n<p>Hassen Hammou a \u00e9galement \u00e9t\u00e9 condamn\u00e9 \u00e0 verser 800 euros de dommages et int\u00e9r\u00eats \u00e0 une association qui s\u2019est constitu\u00e9e partie civile dans l\u2019affaire. Le pr\u00e9sident de l\u2019Association famille enfance partage solidarit\u00e9, Mabouyo Diouf, avait auparavant accus\u00e9 Hassen Hammou d\u2019avoir \u00e9voqu\u00e9 dans ses messages une prestation tarif\u00e9e en sollicitant des \u00ab\u00a0relations sexuelles\u00a0\u00bb, pr\u00e9cisant que sur son profil en ligne, l\u2019adolescent impliqu\u00e9 indiquait avoir 14 ans.<\/p>\n<p><a href=\"https:\/\/www.20minutes.fr\/dossier\/protection_de_l_enfance\" target=\"_blank\" class=\"c-link c-btn c-btn--primary\" rel=\"noopener\">Notre dossier sur la Protection de l&rsquo;enfance<\/a><\/p>\n<p>A la mi-novembre, le parti Les Ecologistes avait annonc\u00e9 une proc\u00e9dure disciplinaire \u00e0 l\u2019encontre de Hassen Hammou, alors membre du bureau politique. La formation lui reprochait notamment de ne pas avoir parl\u00e9 de sa fr\u00e9quentation du site coco, \u00ab\u00a0notoirement connu pour \u00eatre un repaire de pr\u00e9dateurs sexuels, notamment p\u00e9dophiles\u00a0\u00bb.<\/p>\n","protected":false},"excerpt":{"rendered":"De la politique de la cit\u00e9 phoc\u00e9enne au banc d\u2019un tribunal. Figure marseillaise des Ecologistes, Hassen Hammou a&hellip;\n","protected":false},"author":2,"featured_media":604451,"comment_status":"","ping_status":"","sticky":false,"template":"","format":"standard","meta":{"footnotes":""},"categories":[2814],"tags":[1111,47,11,885,1777,674,1011,27,303,32356,884,12,883,2355,882,25,133,799],"class_list":{"0":"post-604450","1":"post","2":"type-post","3":"status-publish","4":"format-standard","5":"has-post-thumbnail","7":"category-marseille","8":"tag-actu","9":"tag-actualite","10":"tag-actualites","11":"tag-bouches-du-rhone","12":"tag-eu","13":"tag-europe","14":"tag-fr","15":"tag-france","16":"tag-justice","17":"tag-les-ecologistes-eelv","18":"tag-marseille","19":"tag-news","20":"tag-paca","21":"tag-protection-de-lenfance","22":"tag-provence-alpes-cote-dazur","23":"tag-republique-francaise","24":"tag-video","25":"tag-violences-sexuelles"},"share_on_mastodon":{"url":"https:\/\/pubeurope.com\/@fr\/115733071311763526","error":""},"_links":{"self":[{"href":"https:\/\/www.europesays.com\/fr\/wp-json\/wp\/v2\/posts\/604450","targetHints":{"allow":["GET"]}}],"collection":[{"href":"https:\/\/www.europesays.com\/fr\/wp-json\/wp\/v2\/posts"}],"about":[{"href":"https:\/\/www.europesays.com\/fr\/wp-json\/wp\/v2\/types\/post"}],"author":[{"embeddable":true,"href":"https:\/\/www.europesays.com\/fr\/wp-json\/wp\/v2\/users\/2"}],"replies":[{"embeddable":true,"href":"https:\/\/www.europesays.com\/fr\/wp-json\/wp\/v2\/comments?post=604450"}],"version-history":[{"count":0,"href":"https:\/\/www.europesays.com\/fr\/wp-json\/wp\/v2\/posts\/604450\/revisions"}],"wp:featuredmedia":[{"embeddable":true,"href":"https:\/\/www.europesays.com\/fr\/wp-json\/wp\/v2\/media\/604451"}],"wp:attachment":[{"href":"https:\/\/www.europesays.com\/fr\/wp-json\/wp\/v2\/media?parent=604450"}],"wp:term":[{"taxonomy":"category","embeddable":true,"href":"https:\/\/www.europesays.com\/fr\/wp-json\/wp\/v2\/categories?post=604450"},{"taxonomy":"post_tag","embeddable":true,"href":"https:\/\/www.europesays.com\/fr\/wp-json\/wp\/v2\/tags?post=604450"}],"curies":[{"name":"wp","href":"https:\/\/api.w.org\/{rel}","templated":true}]}}