{"id":604462,"date":"2025-12-17T04:52:12","date_gmt":"2025-12-17T04:52:12","guid":{"rendered":"https:\/\/www.europesays.com\/fr\/604462\/"},"modified":"2025-12-17T04:52:12","modified_gmt":"2025-12-17T04:52:12","slug":"les-aines-decouvrent-paris-et-le-palais-du-luxembourg","status":"publish","type":"post","link":"https:\/\/www.europesays.com\/fr\/604462\/","title":{"rendered":"Les a\u00een\u00e9s d\u00e9couvrent Paris et le Palais du Luxembourg"},"content":{"rendered":"<p>Gr\u00e2ce au soutien du maire Jean-Michel Andriuzzi, vingt-deux personnes ont particip\u00e9 \u00e0 un s\u00e9jour de deux jours \u00e0 Paris organis\u00e9 par le club des a\u00een\u00e9s de Montpezat Les heures claires. \u00ab\u00a0Le but premier de ce voyage \u00e9tait la visite du Palais du Luxembourg \u00e0 laquelle nous avait convi\u00e9s le s\u00e9nateur Laurent Burgoa\u00a0\u00bb, raconte Pascale Brualla, pr\u00e9sidente de l\u2019association. \u00ab\u00a0Accompagn\u00e9 d\u2019un attach\u00e9 parlementaire, il nous a guid\u00e9s au c\u0153ur de ce magnifique b\u00e2timent \u00e0 la d\u00e9couverte des diff\u00e9rentes salles richement d\u00e9cor\u00e9es et dans lesquelles des objets \u00e9voquent l\u2019histoire de la France. Nous avons m\u00eame pu p\u00e9n\u00e9trer dans le grand h\u00e9micycle et mieux appr\u00e9hender le r\u00f4le de cette institution.\u00a0\u00bb Logeant pr\u00e8s de Montmartre, les participants ont poursuivi leur p\u00e9riple parisien selon leurs envies par la visite de la cath\u00e9drale Notre-Dame, la basilique du Sacr\u00e9-C\u0153ur, le mus\u00e9e Gr\u00e9vin ou l\u2019op\u00e9ra Garnier. Le tout dans l\u2019ambiance f\u00e9erique d\u2019un Paris illumin\u00e9 pour les f\u00eates de fin d\u2019ann\u00e9e.<\/p>\n<p>\u00ab\u00a0Nous sommes rentr\u00e9s fatigu\u00e9s mais enchant\u00e9s\u00a0\u00bb conclut Pascale.<\/p>\n<p>Correspondant Midi Libre : <a href=\"https:\/\/www.midilibre.fr\/2025\/12\/17\/mailto:midilibremontpezat@gmail.com\" target=\"_blank\" rel=\"noopener\">midilibremontpezat@gmail.com<\/a><\/p>\n","protected":false},"excerpt":{"rendered":"Gr\u00e2ce au soutien du maire Jean-Michel Andriuzzi, vingt-deux personnes ont particip\u00e9 \u00e0 un s\u00e9jour de deux jours \u00e0&hellip;\n","protected":false},"author":2,"featured_media":604463,"comment_status":"","ping_status":"","sticky":false,"template":"","format":"standard","meta":{"footnotes":""},"categories":[1888],"tags":[1111,11,4733,1777,674,1011,27,2679,71633,12,626,25,1857],"class_list":{"0":"post-604462","1":"post","2":"type-post","3":"status-publish","4":"format-standard","5":"has-post-thumbnail","7":"category-paris","8":"tag-actu","9":"tag-actualites","10":"tag-associations","11":"tag-eu","12":"tag-europe","13":"tag-fr","14":"tag-france","15":"tag-gard","16":"tag-montpezat","17":"tag-news","18":"tag-paris","19":"tag-republique-francaise","20":"tag-sociu00e9tu00e9"},"share_on_mastodon":{"url":"https:\/\/pubeurope.com\/@fr\/115733118727529282","error":""},"_links":{"self":[{"href":"https:\/\/www.europesays.com\/fr\/wp-json\/wp\/v2\/posts\/604462","targetHints":{"allow":["GET"]}}],"collection":[{"href":"https:\/\/www.europesays.com\/fr\/wp-json\/wp\/v2\/posts"}],"about":[{"href":"https:\/\/www.europesays.com\/fr\/wp-json\/wp\/v2\/types\/post"}],"author":[{"embeddable":true,"href":"https:\/\/www.europesays.com\/fr\/wp-json\/wp\/v2\/users\/2"}],"replies":[{"embeddable":true,"href":"https:\/\/www.europesays.com\/fr\/wp-json\/wp\/v2\/comments?post=604462"}],"version-history":[{"count":0,"href":"https:\/\/www.europesays.com\/fr\/wp-json\/wp\/v2\/posts\/604462\/revisions"}],"wp:featuredmedia":[{"embeddable":true,"href":"https:\/\/www.europesays.com\/fr\/wp-json\/wp\/v2\/media\/604463"}],"wp:attachment":[{"href":"https:\/\/www.europesays.com\/fr\/wp-json\/wp\/v2\/media?parent=604462"}],"wp:term":[{"taxonomy":"category","embeddable":true,"href":"https:\/\/www.europesays.com\/fr\/wp-json\/wp\/v2\/categories?post=604462"},{"taxonomy":"post_tag","embeddable":true,"href":"https:\/\/www.europesays.com\/fr\/wp-json\/wp\/v2\/tags?post=604462"}],"curies":[{"name":"wp","href":"https:\/\/api.w.org\/{rel}","templated":true}]}}