{"id":604477,"date":"2025-12-17T05:02:14","date_gmt":"2025-12-17T05:02:14","guid":{"rendered":"https:\/\/www.europesays.com\/fr\/604477\/"},"modified":"2025-12-17T05:02:14","modified_gmt":"2025-12-17T05:02:14","slug":"rob-reiner-mercosur-venezuela-et-mbappe-les-informations-de-la-nuit-courrier-international","status":"publish","type":"post","link":"https:\/\/www.europesays.com\/fr\/604477\/","title":{"rendered":"Rob Reiner, Mercosur, Venezuela et Mbapp\u00e9 : les informations de la nuit &#8211; Courrier international"},"content":{"rendered":"<ol>\n<li><a href=\"https:\/\/news.google.com\/rss\/articles\/CBMi3gFBVV95cUxNVEVIN0pVSkJfV2NxejUwVlpCZlRjdVRWWDFzNEN0VDVycVBpMGYxc0tpeEplUFV3TnFNd2hSallVaDhxckliZzRHUXpiN2tYZFFSNXFiSFB1WVVrMk9Lb2hDbkNHa0d3OFJXUU5SYlFTZWhnRXA3WUdSbUhuU3ZzWFl5U3VUZ1FXRWxSN0U3WkF4QlhKaXNsdTRRdUh3ejJYZVVISUpHZUtYUUtTdTdvdHZ4RXUtOWtJNGxiQXVvc1pBaU9yQzd5bjlTeWtrdi1QWmFXTTZVVzBpYWVhS3c?oc=5\" target=\"_blank\" rel=\"noopener\">Rob Reiner, Mercosur, Venezuela et Mbapp\u00e9 : les informations de la nuit<\/a>&nbsp;&nbsp;Courrier international<\/li>\n<li><a href=\"https:\/\/news.google.com\/rss\/articles\/CBMikAJBVV95cUxPYkdIUllXekdtS2xhME9sUFZ6QUl0Mng2dmVnS0NjNXBsUnFsNjRheThiZGQtNFVOWlFTMU1RQ3pPNzBkMFBZMmFKQUZaMHFLOXE4QlJEQlhlQ1ZVMXhaZFZBRExyZG9VMEV2Tm1TMGlZaU5ubU5DbXdNQmdNRnNmVk1RT0pZT2QzUEZfVm50T21ydGpLZjQ1RnFOeTZzZVh6NXlqckExWjZ1VGJEWGhKQmZ4a2pGakFVZ0U3clN1bnFYa0V0U2Z3bVFmLUczWlRZTDBsWTJUdW1xVXBYbjd1X1FFT3NXRGphSGJSWDRlNWNpMEJ2ZmVrRjdyMXIyY01RbHhOakpndDZTaVFDWlJfQg?oc=5\" target=\"_blank\" rel=\"noopener\">\u00abUn abruti fini\u00bb : Donald Trump atterre la classe politique am\u00e9ricaine avec sa th\u00e9orie sur la mort de Rob Reiner<\/a>&nbsp;&nbsp;Lib\u00e9ration<\/li>\n<li><a href=\"https:\/\/news.google.com\/rss\/articles\/CBMiywFBVV95cUxOTVVCamd1ZW9OV0U0dUFtdmd2YjdRN3RWMnZuWkJkZUltVk9va1lNOGhwSHd5YS10OHpkSWRfaU9YUUJwMmYwcURva2E1QlBmSU5KMWJldUZoNHRZRHVxX0tSejR4c191ZDdoN0FMNnhUT280VWlmOTBuMzVMWVhJYVhfV3ZpWnFwU0M3aW9WRnVBWGR6eGQ2YkRYb2tIc3hJZDBxdW1vYThCSGV1RGZBeHZpVkRhcGZmdmU4dTNuMVZoUlJnYm1oTzlqbw?oc=5\" target=\"_blank\" rel=\"noopener\">Mort de Rob Reiner et de Michelle Singer : leur fils plac\u00e9 en d\u00e9tention provisoire pour meurtres<\/a>&nbsp;&nbsp;L&rsquo;Humanit\u00e9<\/li>\n<li><a href=\"https:\/\/news.google.com\/rss\/articles\/CBMizgFBVV95cUxPbmQwc3RfdDBocFpBRk9US3Nod0ItdzVGMkFVNWx0N0FqQldmV3RqTjZ6REFHYVhNNTVqRzdscC1XSFpENjhJZ3cxQ3I1NE1MWmQxRlI3UWp4eFBwMkZqcWQ1dEhTNDFpak0wVElNNHZYRG9Jb0k1N2E5SlE3d0lnYzFfYmxVSTlGbVJfUXN1TjRjOUpuZDBFZlc2VHZScXhBWnlmUWpydzNYRmxZbHptMEFlYkp3OGtsOGpmUEwzVVVxTTloeVB6TVhobElFZw?oc=5\" target=\"_blank\" rel=\"noopener\">Le fils du cin\u00e9aste Rob Reiner va \u00eatre inculp\u00e9 pour l&rsquo;assassinat de ses parents<\/a>&nbsp;&nbsp;tv5monde<\/li>\n<li><a href=\"https:\/\/news.google.com\/rss\/articles\/CBMi-gFBVV95cUxPblBsVFhpZmFSemJoc3VwbFF3ZFo5LTVKTmJ6Q052U2hCck5yOGhwQTFBYktpRUM3ZTZyMDFTdU1BNmJ2UlQ5eTd3aDZ4NHFkZzFhUHVPWEhRQmhJZEVsQ1dHRDJCOVhkZTA0WVotVlQzSHZZdHpCSG9yei0xSTZPNXNBRjloTE13Y0NjVS1wZExscTZ2THQ0VjBSZ2wxbWQ0b3JYTzF4NlAzeXk3S2VKU1F0VU5sVjFkSTNNR0FOQ2lBUzdCdjdyRFhTSF92R09TNVloX1liWFNZOHhrbE0zM2g4QlRqd1dGbU9CR1VPVmlEMDdsTjdfVTdR?oc=5\" target=\"_blank\" rel=\"noopener\">Ce film personnel fait par Rob Reiner et son fils illustrait d\u00e9j\u00e0 les tensions familiales<\/a>&nbsp;&nbsp;Le HuffPost<\/li>\n<\/ol>\n","protected":false},"excerpt":{"rendered":"Rob Reiner, Mercosur, Venezuela et Mbapp\u00e9 : les informations de la nuit&nbsp;&nbsp;Courrier international \u00abUn abruti fini\u00bb : Donald&hellip;\n","protected":false},"author":2,"featured_media":604478,"comment_status":"","ping_status":"","sticky":false,"template":"","format":"standard","meta":{"footnotes":""},"categories":[2],"tags":[11,327,3822,6715,40896,7196,35434,251,674,63,1011,27,71634,5924,65845,303,42154,9550,21426,12,52230,25,4409,14041,1857,3847,2542,64292,770,2475,337],"class_list":{"0":"post-604477","1":"post","2":"type-post","3":"status-publish","4":"format-standard","5":"has-post-thumbnail","7":"category-actualites","8":"tag-actualites","9":"tag-agriculture","10":"tag-amu00e9riques","11":"tag-argentine","12":"tag-chili","13":"tag-cinu00e9ma","14":"tag-consommation-de-drogue","15":"tag-culture","16":"tag-europe","17":"tag-football","18":"tag-fr","19":"tag-france","20":"tag-informations-de-la-nuit","21":"tag-javier-milei","22":"tag-josu00e9-antonio-kast","23":"tag-justice","24":"tag-kylian-mbappu00e9","25":"tag-libre-u00e9change","26":"tag-mercosur","27":"tag-news","28":"tag-nicolu00e1s-maduro","29":"tag-republique-francaise","30":"tag-ru00e9veil","31":"tag-santu00e9-mentale","32":"tag-sociu00e9tu00e9","33":"tag-travail","34":"tag-u00e9conomie","35":"tag-u00e9levage","36":"tag-u00e9tats-unis","37":"tag-union-europu00e9enne","38":"tag-venezuela"},"share_on_mastodon":{"url":"","error":"Validation failed: Text character limit of 500 exceeded"},"_links":{"self":[{"href":"https:\/\/www.europesays.com\/fr\/wp-json\/wp\/v2\/posts\/604477","targetHints":{"allow":["GET"]}}],"collection":[{"href":"https:\/\/www.europesays.com\/fr\/wp-json\/wp\/v2\/posts"}],"about":[{"href":"https:\/\/www.europesays.com\/fr\/wp-json\/wp\/v2\/types\/post"}],"author":[{"embeddable":true,"href":"https:\/\/www.europesays.com\/fr\/wp-json\/wp\/v2\/users\/2"}],"replies":[{"embeddable":true,"href":"https:\/\/www.europesays.com\/fr\/wp-json\/wp\/v2\/comments?post=604477"}],"version-history":[{"count":0,"href":"https:\/\/www.europesays.com\/fr\/wp-json\/wp\/v2\/posts\/604477\/revisions"}],"wp:featuredmedia":[{"embeddable":true,"href":"https:\/\/www.europesays.com\/fr\/wp-json\/wp\/v2\/media\/604478"}],"wp:attachment":[{"href":"https:\/\/www.europesays.com\/fr\/wp-json\/wp\/v2\/media?parent=604477"}],"wp:term":[{"taxonomy":"category","embeddable":true,"href":"https:\/\/www.europesays.com\/fr\/wp-json\/wp\/v2\/categories?post=604477"},{"taxonomy":"post_tag","embeddable":true,"href":"https:\/\/www.europesays.com\/fr\/wp-json\/wp\/v2\/tags?post=604477"}],"curies":[{"name":"wp","href":"https:\/\/api.w.org\/{rel}","templated":true}]}}