{"id":604493,"date":"2025-12-17T05:15:21","date_gmt":"2025-12-17T05:15:21","guid":{"rendered":"https:\/\/www.europesays.com\/fr\/604493\/"},"modified":"2025-12-17T05:15:21","modified_gmt":"2025-12-17T05:15:21","slug":"cest-lalbum-photo-du-futur-la-revolution-des-cadres-photo-numeriques","status":"publish","type":"post","link":"https:\/\/www.europesays.com\/fr\/604493\/","title":{"rendered":"\u00ab\u00a0C&rsquo;est l&rsquo;album photo du futur\u00a0\u00bb : la r\u00e9volution des cadres photo num\u00e9riques"},"content":{"rendered":"<ul class=\"jsx-862013697 ArticleChapo__List\">\n<li class=\"jsx-862013697 ArticleChapo__List_Item flex\">Les cadres photos num\u00e9riques ont \u00e9volu\u00e9.<\/li>\n<li class=\"jsx-862013697 ArticleChapo__List_Item flex\">Ils existent en diff\u00e9rents formats et sont devenus des objets de d\u00e9coration.<\/li>\n<li class=\"jsx-862013697 ArticleChapo__List_Item flex\">Anicet Mbida pr\u00e9sente plusieurs innovations.<\/li>\n<\/ul>\n<p><a href=\"https:\/\/www.tf1info.fr\/emissions\/tf1\/bonjour-la-matinale-tf1-13516\/\" rel=\"noopener\" class=\"jsx-484472199 Link jsx-1428418400 jsx-640816507\" target=\"_blank\"><\/p>\n<p style=\"font-weight:400\" class=\"jsx-1837267516\">Suivez la couverture compl\u00e8te<\/p>\n<p style=\"font-weight:800\" class=\"jsx-1837267516\">Bonjour ! La Matinale TF1<\/p>\n<p><\/a><\/p>\n<p data-module=\"article-paragraph\" class=\"jsx-157965717 Paragraph Paragraph__End\">De plus en plus de photos sont r\u00e9alis\u00e9es avec des t\u00e9l\u00e9phones portables, mais la plupart d&rsquo;entre elles restent dans les smartphones. Pourtant, il existe un moyen d&rsquo;en profiter davantage avec le cadre photo num\u00e9rique. \u00ab\u00a0C&rsquo;est l&rsquo;album photo du futur\u00a0\u00bb, indique Anicet Mbida dans \u00ab\u00a0Bonjour ! La Matinale TF1\u00a0\u00bb. Quand on pense \u00e0 un cadre photo num\u00e9rique, on pense \u00e0 un vieux gadget, \u00ab\u00a0avec l&rsquo;\u00e9cran qui brille, les photos pix\u00e9lis\u00e9es, avec la cl\u00e9 USB derri\u00e8re pour transf\u00e9rer les photos\u00a0\u00bb, ajoute le journaliste innovation et num\u00e9rique. Mais, les <a href=\"https:\/\/www.tf1info.fr\/high-tech\/ces-quelques-reglages-suffisent-a-ameliorer-la-qualite-des-photos-de-votre-smartphone-2407932.html\" target=\"_blank\" rel=\"noopener\">cadres photo num\u00e9riques<\/a> ont \u00e9volu\u00e9 et se sont perfectionn\u00e9s. \u00ab\u00a0On a des appareils aujourd&rsquo;hui qui sont des v\u00e9ritables objets de d\u00e9coration. C&rsquo;est-\u00e0-dire qu&rsquo;on a des mat\u00e9riaux qui sont nobles. On a des finitions qui sont impeccables. C&rsquo;est quelque chose qu&rsquo;on va mettre plus facilement dans son int\u00e9rieur\u00a0\u00bb, d\u00e9taille-t-il. Les \u00e9crans ne brillent plus, on ne voit plus son reflet dans le cadre. \u00ab\u00a0On a m\u00eame un rendu avec un piqu\u00e9 qui ressemble au grain du papier photo\u00a0\u00bb, pr\u00e9cise-t-il.\u00a0<\/p>\n<p>Des cadres utilis\u00e9s dans les galeries d&rsquo;art<\/p>\n<p data-module=\"article-paragraph\" class=\"jsx-157965717 Paragraph Paragraph__End\">Pour transf\u00e9rer ses photos dans le cadre photo num\u00e9rique, il faut installer une application sur son t\u00e9l\u00e9phone. \u00ab\u00a0Vous choisissez toutes les photos qui sont dans votre biblioth\u00e8que. Et apr\u00e8s, vous faites ajouter\u00a0\u00bb, explique Anicet Mbida. Il faut ensuite envoyer <a href=\"https:\/\/www.tf1info.fr\/high-tech\/avec-cette-innovation-vous-n-aurez-plus-d-excuses-pour-rater-vos-photos-avec-votre-smartphone-2404289.html\" target=\"_blank\" rel=\"noopener\">les photos<\/a> qui seront automatiquement mises sur l&rsquo;appareil. De plus, le cadre photo num\u00e9rique comporte un \u00e9cran tactile qui permet de voir des vid\u00e9os sur le cadre. \u00ab\u00a0On a des tailles diff\u00e9rentes \u00e9galement de ces cadres. Avant, les cadres photo, ils faisaient juste une taille un peu timbre poste, petite carte postale. Maintenant, on a tous les formats. On a m\u00eame des formats posters\u00a0\u00bb, pr\u00e9sente le journaliste. \u00ab\u00a0La qualit\u00e9 de certains cadres photo num\u00e9riques est devenue telle aujourd&rsquo;hui qu&rsquo;on les voit dans les galeries d&rsquo;art, dans les galeries d&rsquo;art pour afficher des \u0153uvres\u00a0\u00bb, pr\u00e9cise-t-il.\u00a0<\/p>\n<p><a href=\"https:\/\/www.tf1info.fr\/societe\/video-reportage-c-est-un-truc-de-vieux-qu-il-faut-mettre-a-la-page-les-jeunes-font-de-plus-en-plus-developper-leurs-photos-2390200.html\" rel=\"noopener\" class=\"jsx-3308031228 Link flex\" target=\"_blank\"><img decoding=\"async\" src=\"https:\/\/www.europesays.com\/fr\/wp-content\/uploads\/2025\/12\/jta-developpement-des-photos-argentique-f12bb6-0@1x.jpeg\" alt=\"TF1\" loading=\"lazy\" importance=\"low\" fetchpriority=\"low\" class=\"\" aria-hidden=\"true\"\/><\/p>\n<p class=\"jsx-3657663356 ReadMoreArticle__Title\">Lire aussi<\/p>\n<p class=\"jsx-3657663356\">\u00ab\u00a0C&rsquo;est un truc de vieux qu&rsquo;il faut mettre \u00e0 la page\u00a0\u00bb : les jeunes font de plus en plus d\u00e9velopper leurs photos<\/p>\n<p><\/a>Recycler une vieille tablette en cadre photo<\/p>\n<p data-module=\"article-paragraph\" class=\"jsx-157965717 Paragraph Paragraph__End\">Si vous souhaitez offrir un cadre photo num\u00e9rique \u00e0 No\u00ebl, tous les prix existent. \u00ab\u00a0\u00c7a va de moins de 100 euros, une cinquantaine d&rsquo;euros, jusqu&rsquo;\u00e0 plusieurs milliers d&rsquo;euros, notamment ceux qui sont dans les galeries\u00a0\u00bb, indique le journaliste. Enfin, les cadres photo num\u00e9riques peuvent \u00eatre bricol\u00e9s \u00e0 partir d&rsquo;une vieille tablette qui ne sert plus parce qu&rsquo;elle n&rsquo;est plus mise \u00e0 jour. \u00ab\u00a0On ach\u00e8te des petits kits qui permettent de les transformer apr\u00e8s en cadres photo num\u00e9riques. \u00c7a co\u00fbte une quarantaine d&rsquo;euros et \u00e7a permet de r\u00e9cup\u00e9rer et de donner une deuxi\u00e8me vie \u00e0 une vieille tablette qui tra\u00eenait dans un tiroir\u00a0\u00bb, conclut Anicet Mbida. Voici une id\u00e9e-cadeau simple pour les grands-parents \u00e0 quelques jours de No\u00ebl.\u00a0<\/p>\n<p>C.F | Chronique : Anicet MBIDA<\/p>\n","protected":false},"excerpt":{"rendered":"Les cadres photos num\u00e9riques ont \u00e9volu\u00e9. Ils existent en diff\u00e9rents formats et sont devenus des objets de d\u00e9coration.&hellip;\n","protected":false},"author":2,"featured_media":604494,"comment_status":"","ping_status":"","sticky":false,"template":"","format":"standard","meta":{"footnotes":""},"categories":[1358],"tags":[1111,11,71636,1921,1348,1384,1385,6778,71635,1386,58,59,1011,27,142,1922,18766,59837,133,58243],"class_list":{"0":"post-604493","1":"post","2":"type-post","3":"status-publish","4":"format-standard","5":"has-post-thumbnail","7":"category-arts-et-design","8":"tag-actu","9":"tag-actualites","10":"tag-applications-mobiles","11":"tag-article-video","12":"tag-arts","13":"tag-arts-and-design","14":"tag-arts-et-design","15":"tag-bonjour-la-matinale-tf1","16":"tag-cest-deja-demain","17":"tag-design","18":"tag-divertissement","19":"tag-entertainment","20":"tag-fr","21":"tag-france","22":"tag-high-tech","23":"tag-info","24":"tag-innovations-technologiques","25":"tag-objets-connectes","26":"tag-video","27":"tag-video-nouvelles-technologies"},"share_on_mastodon":{"url":"https:\/\/pubeurope.com\/@fr\/115733209697401926","error":""},"_links":{"self":[{"href":"https:\/\/www.europesays.com\/fr\/wp-json\/wp\/v2\/posts\/604493","targetHints":{"allow":["GET"]}}],"collection":[{"href":"https:\/\/www.europesays.com\/fr\/wp-json\/wp\/v2\/posts"}],"about":[{"href":"https:\/\/www.europesays.com\/fr\/wp-json\/wp\/v2\/types\/post"}],"author":[{"embeddable":true,"href":"https:\/\/www.europesays.com\/fr\/wp-json\/wp\/v2\/users\/2"}],"replies":[{"embeddable":true,"href":"https:\/\/www.europesays.com\/fr\/wp-json\/wp\/v2\/comments?post=604493"}],"version-history":[{"count":0,"href":"https:\/\/www.europesays.com\/fr\/wp-json\/wp\/v2\/posts\/604493\/revisions"}],"wp:featuredmedia":[{"embeddable":true,"href":"https:\/\/www.europesays.com\/fr\/wp-json\/wp\/v2\/media\/604494"}],"wp:attachment":[{"href":"https:\/\/www.europesays.com\/fr\/wp-json\/wp\/v2\/media?parent=604493"}],"wp:term":[{"taxonomy":"category","embeddable":true,"href":"https:\/\/www.europesays.com\/fr\/wp-json\/wp\/v2\/categories?post=604493"},{"taxonomy":"post_tag","embeddable":true,"href":"https:\/\/www.europesays.com\/fr\/wp-json\/wp\/v2\/tags?post=604493"}],"curies":[{"name":"wp","href":"https:\/\/api.w.org\/{rel}","templated":true}]}}