{"id":604511,"date":"2025-12-17T05:25:13","date_gmt":"2025-12-17T05:25:13","guid":{"rendered":"https:\/\/www.europesays.com\/fr\/604511\/"},"modified":"2025-12-17T05:25:13","modified_gmt":"2025-12-17T05:25:13","slug":"donald-trump-impose-un-blocus-maritime-contre-les-petroliers-du-venezuela-semblant-viser-la-chute-de-nicolas-maduro","status":"publish","type":"post","link":"https:\/\/www.europesays.com\/fr\/604511\/","title":{"rendered":"Donald Trump impose un blocus maritime contre les p\u00e9troliers du Venezuela, semblant viser la chute de Nicolas Maduro"},"content":{"rendered":"<p>                     <img loading=\"lazy\" decoding=\"async\" src=\"https:\/\/www.europesays.com\/fr\/wp-content\/uploads\/2025\/12\/be9587c_ftp-1-s1dsr8ukievf-a06ee2ecaa5f4e4fbe8470a778db5381-0-eed9a8b8c71a47b18d18b5b3f20628ec.jpg\" alt=\"Le p\u00e9trolier \u00ab\u00a0Skipper\u00a0\u00bb, saisi par les Etats-Unis au large des c\u00f4tes v\u00e9n\u00e9zu\u00e9liennes le 10\u00a0d\u00e9cembre, aper\u00e7u alors qu\u2019il naviguait \u00e0 environ 33\u00a0kilom\u00e8tres au nord de la Guadeloupe, le 12\u00a0d\u00e9cembre 2025.\"   width=\"664\" height=\"443\"\/>    Le p\u00e9trolier \u00ab\u00a0Skipper\u00a0\u00bb, saisi par les Etats-Unis au large des c\u00f4tes v\u00e9n\u00e9zu\u00e9liennes le 10\u00a0d\u00e9cembre, aper\u00e7u alors qu\u2019il naviguait \u00e0 environ 33\u00a0kilom\u00e8tres au nord de la Guadeloupe, le 12\u00a0d\u00e9cembre 2025.  VANTOR VIA AP                 <\/p>\n<p class=\"article__paragraph  \">L\u2019escalade est nette. Le cadre juridique de l\u2019intervention, plus flou que jamais. Par un simple message sur son r\u00e9seau Truth Social, dans la soir\u00e9e du mardi 16\u00a0d\u00e9cembre, Donald Trump a annonc\u00e9 que l\u2019arm\u00e9e am\u00e9ricaine \u2013 et plus pr\u00e9cis\u00e9ment \u00ab\u00a0la plus large armada jamais assembl\u00e9e dans l\u2019histoire de l\u2019Am\u00e9rique du Sud\u00a0\u00bb \u2013 organisait le blocus maritime du Venezuela, pour emp\u00eacher toute circulation des navires p\u00e9troliers de ce pays, frapp\u00e9s de sanctions. L\u2019objectif semble \u00eatre l\u2019effondrement du r\u00e9gime local, faute de ressources, en \u00e9vitant une intervention militaire am\u00e9ricaine au sol, aux cons\u00e9quences impr\u00e9visibles. Le 2\u00a0d\u00e9cembre, Donald Trump avait pr\u00e9sent\u00e9 comme imminentes des frappes a\u00e9riennes au Venezuela m\u00eame.<\/p>\n<p class=\"article__paragraph  \">Un grand flou s\u2019installe. Il entoure les intentions v\u00e9ritables de l\u2019administration am\u00e9ricaine, qui oscille en permanence entre des registres diff\u00e9rents\u00a0: la lutte contre l\u2019immigration ill\u00e9gale, contre la drogue et ses cartels, contre le r\u00e9gime de Nicolas Maduro, contre ses ressources \u00e9conomiques. Ce flou concerne aussi l\u2019ampleur de la campagne ainsi lanc\u00e9e, les moyens militaires sollicit\u00e9s et le cadre l\u00e9gal dans lequel elle s\u2019inscrit.<\/p>\n<p class=\"reading-mode-only \"><strong>Il vous reste 81.82% de cet article \u00e0 lire. La suite est r\u00e9serv\u00e9e aux abonn\u00e9s.<\/strong><\/p>\n","protected":false},"excerpt":{"rendered":"Le p\u00e9trolier \u00ab\u00a0Skipper\u00a0\u00bb, saisi par les Etats-Unis au large des c\u00f4tes v\u00e9n\u00e9zu\u00e9liennes le 10\u00a0d\u00e9cembre, aper\u00e7u alors qu\u2019il naviguait&hellip;\n","protected":false},"author":2,"featured_media":604512,"comment_status":"","ping_status":"","sticky":false,"template":"","format":"standard","meta":{"footnotes":""},"categories":[5],"tags":[11,1011,27,14,12,28],"class_list":{"0":"post-604511","1":"post","2":"type-post","3":"status-publish","4":"format-standard","5":"has-post-thumbnail","7":"category-international","8":"tag-actualites","9":"tag-fr","10":"tag-france","11":"tag-international","12":"tag-news","13":"tag-world"},"share_on_mastodon":{"url":"https:\/\/pubeurope.com\/@fr\/115733248942851575","error":""},"_links":{"self":[{"href":"https:\/\/www.europesays.com\/fr\/wp-json\/wp\/v2\/posts\/604511","targetHints":{"allow":["GET"]}}],"collection":[{"href":"https:\/\/www.europesays.com\/fr\/wp-json\/wp\/v2\/posts"}],"about":[{"href":"https:\/\/www.europesays.com\/fr\/wp-json\/wp\/v2\/types\/post"}],"author":[{"embeddable":true,"href":"https:\/\/www.europesays.com\/fr\/wp-json\/wp\/v2\/users\/2"}],"replies":[{"embeddable":true,"href":"https:\/\/www.europesays.com\/fr\/wp-json\/wp\/v2\/comments?post=604511"}],"version-history":[{"count":0,"href":"https:\/\/www.europesays.com\/fr\/wp-json\/wp\/v2\/posts\/604511\/revisions"}],"wp:featuredmedia":[{"embeddable":true,"href":"https:\/\/www.europesays.com\/fr\/wp-json\/wp\/v2\/media\/604512"}],"wp:attachment":[{"href":"https:\/\/www.europesays.com\/fr\/wp-json\/wp\/v2\/media?parent=604511"}],"wp:term":[{"taxonomy":"category","embeddable":true,"href":"https:\/\/www.europesays.com\/fr\/wp-json\/wp\/v2\/categories?post=604511"},{"taxonomy":"post_tag","embeddable":true,"href":"https:\/\/www.europesays.com\/fr\/wp-json\/wp\/v2\/tags?post=604511"}],"curies":[{"name":"wp","href":"https:\/\/api.w.org\/{rel}","templated":true}]}}