{"id":604517,"date":"2025-12-17T05:28:17","date_gmt":"2025-12-17T05:28:17","guid":{"rendered":"https:\/\/www.europesays.com\/fr\/604517\/"},"modified":"2025-12-17T05:28:17","modified_gmt":"2025-12-17T05:28:17","slug":"ce-sont-nos-enfants-qui-nous-lont-suggere","status":"publish","type":"post","link":"https:\/\/www.europesays.com\/fr\/604517\/","title":{"rendered":"\u00ab\u00a0Ce sont nos enfants qui nous l\u2019ont sugg\u00e9r\u00e9\u00a0\u00bb"},"content":{"rendered":"<p>\u00ab\u00a0Nous n\u2019aurions jamais eu l\u2019id\u00e9e d\u2019acheter des cadeaux d\u2019occasion. Cela nous a \u00e9t\u00e9 sugg\u00e9r\u00e9 par nos enfants, dans le respect de la plan\u00e8te.\u00a0\u00bb Depuis trois ans, Pascale et Philippe ont revu leurs habitudes lors des achats de No\u00ebl. Plus question d\u2019acheter du neuf. Comme eux, 46\u00a0% des Fran\u00e7ais d\u00e9clarent avoir d\u00e9j\u00e0 offert un cadeau de seconde main, au point que le march\u00e9 des jeux et jouets d\u2019occasion a bondi de 23\u00a0% entre\u00a02023 et\u00a02024.<\/p>\n<p>Le couple de sexag\u00e9naires a profit\u00e9 d\u2019une matin\u00e9e libre pour chiner des jouets \u00e0 la ressourcerie La Chrysalide, \u00e0 Saint-\u00c9tienne. \u00ab\u00a0C\u2019est int\u00e9ressant puisque les jouets sont aussi moins chers. L\u00e0 o\u00f9 l\u2019on aurait pris qu\u2019un cadeau, on peut en faire plus\u00a0\u00bb, admettent ces Lig\u00e9riens, qui ont flash\u00e9 sur un sachet de jeux de construction \u00e0 2\u00a0euros.<\/p>\n<p>Chaque jouet est test\u00e9<\/p>\n<p>Ces pi\u00e8ces ont \u00e9t\u00e9 assembl\u00e9es par Marie, responsable du reconditionnement des jouets. \u00ab\u00a0Je les v\u00e9rifie, puis je cr\u00e9e des lots qui seront mis&#8230;<\/p>\n","protected":false},"excerpt":{"rendered":"\u00ab\u00a0Nous n\u2019aurions jamais eu l\u2019id\u00e9e d\u2019acheter des cadeaux d\u2019occasion. Cela nous a \u00e9t\u00e9 sugg\u00e9r\u00e9 par nos enfants, dans&hellip;\n","protected":false},"author":2,"featured_media":604518,"comment_status":"","ping_status":"","sticky":false,"template":"","format":"standard","meta":{"footnotes":""},"categories":[9653],"tags":[1111,11,2430,130,33,7539,436,1777,674,107,1011,27,9588,3367,12,25,4001,4604],"class_list":{"0":"post-604517","1":"post","2":"type-post","3":"status-publish","4":"format-standard","5":"has-post-thumbnail","7":"category-saint-etienne","8":"tag-actu","9":"tag-actualites","10":"tag-auvergne-rhone-alpes","11":"tag-consommation","12":"tag-economie","13":"tag-edition-loire-sud","14":"tag-environnement","15":"tag-eu","16":"tag-europe","17":"tag-fil-info","18":"tag-fr","19":"tag-france","20":"tag-ici-on-agit","21":"tag-loire","22":"tag-news","23":"tag-republique-francaise","24":"tag-saint-etienne","25":"tag-selection-abonne"},"share_on_mastodon":{"url":"https:\/\/pubeurope.com\/@fr\/115733260199164033","error":""},"_links":{"self":[{"href":"https:\/\/www.europesays.com\/fr\/wp-json\/wp\/v2\/posts\/604517","targetHints":{"allow":["GET"]}}],"collection":[{"href":"https:\/\/www.europesays.com\/fr\/wp-json\/wp\/v2\/posts"}],"about":[{"href":"https:\/\/www.europesays.com\/fr\/wp-json\/wp\/v2\/types\/post"}],"author":[{"embeddable":true,"href":"https:\/\/www.europesays.com\/fr\/wp-json\/wp\/v2\/users\/2"}],"replies":[{"embeddable":true,"href":"https:\/\/www.europesays.com\/fr\/wp-json\/wp\/v2\/comments?post=604517"}],"version-history":[{"count":0,"href":"https:\/\/www.europesays.com\/fr\/wp-json\/wp\/v2\/posts\/604517\/revisions"}],"wp:featuredmedia":[{"embeddable":true,"href":"https:\/\/www.europesays.com\/fr\/wp-json\/wp\/v2\/media\/604518"}],"wp:attachment":[{"href":"https:\/\/www.europesays.com\/fr\/wp-json\/wp\/v2\/media?parent=604517"}],"wp:term":[{"taxonomy":"category","embeddable":true,"href":"https:\/\/www.europesays.com\/fr\/wp-json\/wp\/v2\/categories?post=604517"},{"taxonomy":"post_tag","embeddable":true,"href":"https:\/\/www.europesays.com\/fr\/wp-json\/wp\/v2\/tags?post=604517"}],"curies":[{"name":"wp","href":"https:\/\/api.w.org\/{rel}","templated":true}]}}