{"id":604519,"date":"2025-12-17T05:29:17","date_gmt":"2025-12-17T05:29:17","guid":{"rendered":"https:\/\/www.europesays.com\/fr\/604519\/"},"modified":"2025-12-17T05:29:17","modified_gmt":"2025-12-17T05:29:17","slug":"loire-a-saint-etienne-une-epicerie-de-nuit-sur-cinq-vendrait-des-puffs-illegalement","status":"publish","type":"post","link":"https:\/\/www.europesays.com\/fr\/604519\/","title":{"rendered":"Loire. \u00c0 Saint-\u00c9tienne, une \u00e9picerie de nuit sur cinq vendrait des puffs ill\u00e9galement"},"content":{"rendered":"<blockquote class=\"question\"><p>Que r\u00e9v\u00e8le l\u2019enqu\u00eate sur la vente de cigarettes \u00e9lectroniques jetables \u00e0 Saint-\u00c9tienne\u00a0?<\/p><\/blockquote>\n<p>\u00ab\u00a0L\u2019enqu\u00eate fait ressortir qu\u2019une \u00e9picerie de nuit sur cinq vend des puffs \u00e0 Saint-\u00c9tienne. <a href=\"https:\/\/www.leprogres.fr\/sante\/2023\/12\/04\/puffs-l-assemblee-vote-a-l-unanimite-l-interdiction-des-cigarettes-electroniques-jetables\" target=\"_blank\" rel=\"noopener\">Or, c\u2019est ill\u00e9gal depuis bient\u00f4t un an<\/a>. Dans les magasins officiels, si on en vend, on est passibles d\u2019une tr\u00e8s grosse amende. Mais les \u00e9piceries de nuit se croient au-dessus des lois puisque ce sont souvent des commerces mont\u00e9s de mani\u00e8re bancale.\u00a0\u00bb<\/p>\n<p>  \u00ab\u00a0On veut plus de contr\u00f4les et des r\u00e9ponses p\u00e9nales fortes\u00a0\u00bb<\/p>\n<blockquote class=\"question\"><p>Qu\u2019est-ce que ces ventes ill\u00e9gales engendrent\u00a0?<\/p><\/blockquote>\n<p>\u00ab\u00a0On veut interdire ces cigarettes mais quand il n\u2019y a pas de cadre pour faire respecter ces interdictions, un march\u00e9 parall\u00e8le se cr\u00e9e. Cela repr\u00e9sente de graves dangers pour la sant\u00e9 car ces produits sont souvent achet\u00e9s \u00e0 l\u2019\u00e9tranger avec des taux de nicotine bien plus \u00e9lev\u00e9s que ce qu\u2019on vendait auparavant et ne sont pas contr\u00f4l\u00e9s. Cela engendre aussi des pertes fiscales pour l\u2019\u00c9tat car ces produits ne sont plus fiscalis\u00e9s. On veut qu\u2019il y ait plus de contr\u00f4les et que la r\u00e9ponse p\u00e9nale soit forte car les \u00e9piceries de nuit savent qu\u2019elles ne craignent rien. Les peines sont symboliques et pas dissuasives.\u00a0\u00bb<\/p>\n<blockquote class=\"question\"><p>Les sachets de nicotines doivent aussi \u00eatre interdits \u00e0 la vente le 1er avril 2026. Craignez-vous un m\u00eame sch\u00e9ma de march\u00e9 parall\u00e8le que pour les puffs\u00a0?<\/p><\/blockquote>\n<p>\u00ab <a href=\"https:\/\/www.leprogres.fr\/magazine-sante\/2025\/09\/10\/interdiction-des-sachets-de-nicotine-pourquoi-etaient-ils-dangereux-notamment-pour-les-jeunes\" target=\"_blank\" rel=\"noopener\">Les sachets de nicotine<\/a> sont l\u2019une des meilleures voies pour sortir du tabagisme. Laissez-nous les vendre de mani\u00e8re encadr\u00e9e. On demande surtout \u00e0 ce qu\u2019ils ne soient pas interdits. S\u2019ils le sont, on ira au-devant d\u2019un nouveau march\u00e9 ill\u00e9gal. Il y aura encore plus de cons\u00e9quences sur la sant\u00e9 puisque les produits ne seront pas contr\u00f4l\u00e9s. On perd le contr\u00f4le sur tous ces sujets au profit du lobby anti-tabac qui s\u2019en nourrit.\u00a0\u00bb<\/p>\n","protected":false},"excerpt":{"rendered":"Que r\u00e9v\u00e8le l\u2019enqu\u00eate sur la vente de cigarettes \u00e9lectroniques jetables \u00e0 Saint-\u00c9tienne\u00a0? \u00ab\u00a0L\u2019enqu\u00eate fait ressortir qu\u2019une \u00e9picerie de&hellip;\n","protected":false},"author":2,"featured_media":604520,"comment_status":"","ping_status":"","sticky":false,"template":"","format":"standard","meta":{"footnotes":""},"categories":[9653],"tags":[1111,11,2430,271,272,7539,1777,674,274,107,1011,27,3367,12,25,4001,7538,71,104],"class_list":{"0":"post-604519","1":"post","2":"type-post","3":"status-publish","4":"format-standard","5":"has-post-thumbnail","7":"category-saint-etienne","8":"tag-actu","9":"tag-actualites","10":"tag-auvergne-rhone-alpes","11":"tag-crime","12":"tag-delit-et-contravention","13":"tag-edition-loire-sud","14":"tag-eu","15":"tag-europe","16":"tag-faits-divers-justice","17":"tag-fil-info","18":"tag-fr","19":"tag-france","20":"tag-loire","21":"tag-news","22":"tag-republique-francaise","23":"tag-saint-etienne","24":"tag-saint-etienne-ville","25":"tag-sante","26":"tag-societe"},"share_on_mastodon":{"url":"https:\/\/pubeurope.com\/@fr\/115733264069583353","error":""},"_links":{"self":[{"href":"https:\/\/www.europesays.com\/fr\/wp-json\/wp\/v2\/posts\/604519","targetHints":{"allow":["GET"]}}],"collection":[{"href":"https:\/\/www.europesays.com\/fr\/wp-json\/wp\/v2\/posts"}],"about":[{"href":"https:\/\/www.europesays.com\/fr\/wp-json\/wp\/v2\/types\/post"}],"author":[{"embeddable":true,"href":"https:\/\/www.europesays.com\/fr\/wp-json\/wp\/v2\/users\/2"}],"replies":[{"embeddable":true,"href":"https:\/\/www.europesays.com\/fr\/wp-json\/wp\/v2\/comments?post=604519"}],"version-history":[{"count":0,"href":"https:\/\/www.europesays.com\/fr\/wp-json\/wp\/v2\/posts\/604519\/revisions"}],"wp:featuredmedia":[{"embeddable":true,"href":"https:\/\/www.europesays.com\/fr\/wp-json\/wp\/v2\/media\/604520"}],"wp:attachment":[{"href":"https:\/\/www.europesays.com\/fr\/wp-json\/wp\/v2\/media?parent=604519"}],"wp:term":[{"taxonomy":"category","embeddable":true,"href":"https:\/\/www.europesays.com\/fr\/wp-json\/wp\/v2\/categories?post=604519"},{"taxonomy":"post_tag","embeddable":true,"href":"https:\/\/www.europesays.com\/fr\/wp-json\/wp\/v2\/tags?post=604519"}],"curies":[{"name":"wp","href":"https:\/\/api.w.org\/{rel}","templated":true}]}}