{"id":604523,"date":"2025-12-17T05:33:57","date_gmt":"2025-12-17T05:33:57","guid":{"rendered":"https:\/\/www.europesays.com\/fr\/604523\/"},"modified":"2025-12-17T05:33:57","modified_gmt":"2025-12-17T05:33:57","slug":"le-bois-dont-on-fait-les-jouets-davenir","status":"publish","type":"post","link":"https:\/\/www.europesays.com\/fr\/604523\/","title":{"rendered":"le bois dont on fait les jouets d\u2019avenir\u00a0!"},"content":{"rendered":"<p>Chapeau pointu, costume \u00e9carlate et nez qui n\u2019en finit pas\u2026 Pinocchio a \u00e9tabli ses quartiers aux avant-postes de la boutique, pr\u00eat \u00e0 mille erreurs de jeunesse. Gaillard et pimpant, comme tout fra\u00eechement sorti des ateliers de Gepetto. \u00ab\u00a0Et effectivement, je me suis fournie en Italie\u00a0!\u00a0\u00bb Pour les f\u00eates de fin d\u2019ann\u00e9e 2025, le petit pantin de bois est la star de l\u2019embl\u00e9matique magasin de jouets TOA qui, l\u2019an pass\u00e9, f\u00eatait un demi-si\u00e8cle d\u2019activit\u00e9 au c\u0153ur de Nancy. Et illustre \u00e0 merveille ce qui \u00ab\u00a0fait depuis toujours partie de l\u2019ADN du magasin\u00a0: le bois\u00a0\u00bb.<\/p>\n<p>Natalie Hacquin en est la patronne aujourd\u2019hui. Mais <a href=\"https:\/\/www.estrepublicain.fr\/culture-loisirs\/2025\/08\/12\/natalie-hacquin-marchande-de-jouets-mon-plaisir-faire-enrager-jojo\" target=\"_blank\" rel=\"noopener\">elle en a \u00e9t\u00e9 l\u2019enfant, aussi<\/a> , lorsque sa propre m\u00e8re, Jacqueline Beaumont, <a href=\"https:\/\/www.estrepublicain.fr\/culture-loisirs\/2024\/12\/04\/toa-fete-ses-50-ans-plus-qu-un-magasin-de-jouets-le-dernier\" target=\"_blank\" rel=\"noopener\">fondait l\u2019\u00e9tablissement<\/a>. \u00ab\u00a0Et on a toujours cultiv\u00e9 ici l\u2019amour du bois, par amour de la nature en fait. M\u00eame si \u00e7a n\u2019a pas toujours \u00e9t\u00e9 tr\u00e8s simple de s\u2019approvisionner.\u00a0\u00bb<\/p>\n<p>Dans les ann\u00e9es 80, alors qu\u2019elle reprenait officiellement la suite, Natalie a vu en effet le plastique soudain squatter les catalogues de jouets. \u00ab\u00a0Et, \u00e0 part Vilac, les grands fabricants fran\u00e7ais ont commenc\u00e9 \u00e0 dispara\u00eetre. En Allemagne au contraire, ils n\u2019ont jamais renonc\u00e9 \u00e0 la tradition. Cela dit, depuis quelques ann\u00e9es, on voit quand m\u00eame des petites entreprises se r\u00e9implanter dans le secteur du bois en France. Et j\u2019ai \u00e0 nouveau de quoi me r\u00e9galer\u00a0!\u00a0\u00bb<\/p>\n<p>  Un renard \u00e0 bascules<\/p>\n<p>Se r\u00e9galer \u00e0 garnir sa boutique de jeux de construction, hochets, jeux d\u2019encastrement, puzzles, tout de bois construits. Sans oublier les bo\u00eetes \u00e0 musique (\u00ab\u00a0un excellent vecteur du son, le bois\u00a0!\u00a0\u00bb), les jeux de soci\u00e9t\u00e9 (\u00ab\u00a0je privil\u00e9gie les mod\u00e8les avec des pi\u00e8ces en bois\u00a0\u00bb) ni, bien s\u00fbr, le c\u00e9l\u00e8bre cheval \u00e0 bascule. \u00ab\u00a0\u00c7a, \u00e7a reste un grand classique\u00a0! Bon, aujourd\u2019hui, ce serait plut\u00f4t un renard \u00e0 bascule\u00a0! Mais quel que soit l\u2019animal, \u00e7a marche toujours tr\u00e8s bien.\u00a0\u00bb<\/p>\n<p>Elle-m\u00eame garde le souvenir attendri de son propre petit canasson d\u2019autrefois, conserv\u00e9 longtemps dans la pi\u00e8ce de vie familiale. \u00ab\u00a0Comme c\u2019est un bel objet, on le garde m\u00eame quand l\u2019enfant a grandi.\u00a0\u00bb Ce qui est vrai d\u2019ailleurs de la plupart des jouets en bois.<\/p>\n<p>Ce contenu est bloqu\u00e9 car vous n&rsquo;avez pas accept\u00e9 les cookies et autres traceurs.<\/p>\n<p>En cliquant sur \u00ab J\u2019accepte \u00bb, les cookies et autres traceurs seront d\u00e9pos\u00e9s et vous pourrez visualiser les contenus  (<a href=\"\" class=\"consentModule_policy\" target=\"_blank\" title=\"Consulter la politique de protection des donn\u00e9es du fournisseur\">plus d&rsquo;informations<\/a>).<\/p>\n<p>En cliquant sur \u00ab J\u2019accepte tous les cookies \u00bb, vous autorisez des d\u00e9p\u00f4ts de cookies et autres traceurs pour le stockage de vos donn\u00e9es sur nos sites et applications \u00e0 des fins de personnalisation et de ciblage publicitaire.<\/p>\n<p class=\"consentModule_secondaryText\">Vous gardez la possibilit\u00e9 de retirer votre consentement \u00e0 tout moment en consultant notre <a href=\"https:\/\/www.estrepublicain.fr\/protection-des-donnees\" target=\"_blank\" title=\"Consulter notre politique de protection des donn\u00e9es\" rel=\"noopener\">politique de protection des donn\u00e9es<\/a>. <br \/>&#13;<br \/>\n            <a href=\"https:\/\/www.estrepublicain.fr\/economie\/2025\/12\/17\/javascript:Didomi.notice.show()\" class=\"consentModule_cmp\" target=\"_blank\" rel=\"noopener\">G\u00e9rer mes choix<\/a>&#13;\n        <\/p>\n<p>&#13;<br \/>\n                        J&rsquo;accepte&#13;<br \/>\n            J&rsquo;accepte tous les cookies&#13;\n        <\/p>\n<p>Une offre cons\u00e9quente, donc, en phase avec une demande qui va croissant. \u00ab\u00a0Parce que de nouvelles g\u00e9n\u00e9rations de parents s\u2019inscrivent dans une d\u00e9marche \u00e9coresponsable. M\u00eame si eux-m\u00eames n\u2019ont pas forc\u00e9ment \u00e9t\u00e9 \u00e9lev\u00e9s dans la culture du bois, ils y sont sensibles.\u00a0\u00bb<\/p>\n<p>Pour des raisons environnementales, certes. Mais pas seulement.<\/p>\n<p>  Le bois vieillit bien<\/p>\n<p>\u00ab\u00a0Le bois est une mati\u00e8re sensible, beaucoup plus chaleureuse dans les petites mains qu\u2019un bout de plastique. Et qui vieillit mieux en plus\u00a0: m\u00eame s\u2019il a pris des coups, on peut le sortir vingt ans plus tard du grenier et en faire profiter \u00e0 nouveau les petits. La patine le rend m\u00eame encore plus beau parfois.\u00a0\u00bb<\/p>\n<p>Une cliente de passage abonde dans ce sens. \u00ab\u00a0Moi-m\u00eame qui ai travaill\u00e9 dans la petite enfance, je vous garantis que les jouets en bois, plus lourds, permettent aussi \u00e0 l\u2019enfant de travailler leur force.\u00a0\u00bb Et la motricit\u00e9 fine en prime, ajouteraient les experts du genre.<\/p>\n<p>Pinocchio ne pourrait qu\u2019abonder dans ce sens, mais une fois n\u2019est pas coutume, il se tient sage et droit. Cantonn\u00e9 dans son silence\u00a0!<\/p>\n","protected":false},"excerpt":{"rendered":"Chapeau pointu, costume \u00e9carlate et nez qui n\u2019en finit pas\u2026 Pinocchio a \u00e9tabli ses quartiers aux avant-postes de&hellip;\n","protected":false},"author":2,"featured_media":604524,"comment_status":"","ping_status":"","sticky":false,"template":"","format":"standard","meta":{"footnotes":""},"categories":[9635],"tags":[1111,11,4406,33,1704,436,1777,674,1011,27,775,9588,3457,1702,1703,12,3456,25],"class_list":{"0":"post-604523","1":"post","2":"type-post","3":"status-publish","4":"format-standard","5":"has-post-thumbnail","7":"category-nancy","8":"tag-actu","9":"tag-actualites","10":"tag-commerce-et-services","11":"tag-economie","12":"tag-edition-nancy-et-agglomeration","13":"tag-environnement","14":"tag-eu","15":"tag-europe","16":"tag-fr","17":"tag-france","18":"tag-grand-est","19":"tag-ici-on-agit","20":"tag-meurthe-et-moselle","21":"tag-nancy","22":"tag-nancy-ville-54b","23":"tag-news","24":"tag-region-lorraine","25":"tag-republique-francaise"},"share_on_mastodon":{"url":"https:\/\/pubeurope.com\/@fr\/115733283759074729","error":""},"_links":{"self":[{"href":"https:\/\/www.europesays.com\/fr\/wp-json\/wp\/v2\/posts\/604523","targetHints":{"allow":["GET"]}}],"collection":[{"href":"https:\/\/www.europesays.com\/fr\/wp-json\/wp\/v2\/posts"}],"about":[{"href":"https:\/\/www.europesays.com\/fr\/wp-json\/wp\/v2\/types\/post"}],"author":[{"embeddable":true,"href":"https:\/\/www.europesays.com\/fr\/wp-json\/wp\/v2\/users\/2"}],"replies":[{"embeddable":true,"href":"https:\/\/www.europesays.com\/fr\/wp-json\/wp\/v2\/comments?post=604523"}],"version-history":[{"count":0,"href":"https:\/\/www.europesays.com\/fr\/wp-json\/wp\/v2\/posts\/604523\/revisions"}],"wp:featuredmedia":[{"embeddable":true,"href":"https:\/\/www.europesays.com\/fr\/wp-json\/wp\/v2\/media\/604524"}],"wp:attachment":[{"href":"https:\/\/www.europesays.com\/fr\/wp-json\/wp\/v2\/media?parent=604523"}],"wp:term":[{"taxonomy":"category","embeddable":true,"href":"https:\/\/www.europesays.com\/fr\/wp-json\/wp\/v2\/categories?post=604523"},{"taxonomy":"post_tag","embeddable":true,"href":"https:\/\/www.europesays.com\/fr\/wp-json\/wp\/v2\/tags?post=604523"}],"curies":[{"name":"wp","href":"https:\/\/api.w.org\/{rel}","templated":true}]}}