{"id":604528,"date":"2025-12-17T05:37:31","date_gmt":"2025-12-17T05:37:31","guid":{"rendered":"https:\/\/www.europesays.com\/fr\/604528\/"},"modified":"2025-12-17T05:37:31","modified_gmt":"2025-12-17T05:37:31","slug":"un-casque-de-realite-virtuelle-a-5-014-e-offert-aux-enfants-atteints-de-cancer-a-lhopital-arnaud-de-villeneuve-a-montpellier","status":"publish","type":"post","link":"https:\/\/www.europesays.com\/fr\/604528\/","title":{"rendered":"Un casque de r\u00e9alit\u00e9 virtuelle \u00e0 5\u00a0014\u00a0\u20ac offert aux enfants atteints de cancer \u00e0 l\u2019h\u00f4pital Arnaud-de-Villeneuve \u00e0 Montpellier"},"content":{"rendered":"<p>\n                                                                L\u2019association LA CLE (L\u2019aide aux cancers et leuc\u00e9mies chez l\u2019enfant) a offert un casque de r\u00e9alit\u00e9 virtuelle Hypnover \u00e0 l\u2019h\u00f4pital Arnaud-de-Villeneuve de Montpellier, lundi 15\u00a0d\u00e9cembre.\n                            <\/p>\n<p>Gr\u00e2ce aux dons r\u00e9colt\u00e9s, l\u2019association LA CLE (L\u2019aide aux cancers et leuc\u00e9mies chez l\u2019enfant) a offert un casque virtuel Hypnover \u00e0 l\u2019h\u00f4pital Arnaud-de-Villeneuve de Montpellier, ce lundi 15\u00a0d\u00e9cembre. \u00ab\u00a0Les m\u00e9decins sont tr\u00e8s contents parce qu\u2019on a r\u00e9ussi \u00e0 l\u2019acheter apr\u00e8s l\u2019avoir lou\u00e9\u00a0\u00bb, raconte la pr\u00e9sidente de l\u2019association C\u00e9cile Galzy.<\/p>\n<p>Le prix est de 5\u00a0014\u00a0\u20ac<\/p>\n<p>L\u2019outil permettra aux enfants d\u2019\u00eatre distraits pendant les soins (comme les ponctions lombaires et my\u00e9logrammes) avec des images et de la musique. \u00ab\u00a0Il plonge l\u2019enfant dans un d\u00e9cor extraordinaire. J\u2019en ai vu un avec des animaux de la jungle. Le casque a un logiciel bien sp\u00e9cifique pour les enfants. C\u2019est pour \u00e7a qu\u2019il co\u00fbte assez cher\u00a0\u00bb, d\u00e9taille la pr\u00e9sidente. Le prix du casque \u00e9tant de 5\u00a0014\u00a0\u20ac.<\/p>\n<p>Chaque ann\u00e9e, 120 nouveaux cas de cancers chez les enfants sont diagnostiqu\u00e9s en Languedoc-Roussillon, rappelle Jacques Galzy, le tr\u00e9sorier de LA CLE.<\/p>\n","protected":false},"excerpt":{"rendered":"L\u2019association LA CLE (L\u2019aide aux cancers et leuc\u00e9mies chez l\u2019enfant) a offert un casque de r\u00e9alit\u00e9 virtuelle Hypnover&hellip;\n","protected":false},"author":2,"featured_media":604529,"comment_status":"","ping_status":"","sticky":false,"template":"","format":"standard","meta":{"footnotes":""},"categories":[9599],"tags":[1111,11,1777,674,1011,27,7089,2208,12,2680,25,8755],"class_list":{"0":"post-604528","1":"post","2":"type-post","3":"status-publish","4":"format-standard","5":"has-post-thumbnail","7":"category-montpellier","8":"tag-actu","9":"tag-actualites","10":"tag-eu","11":"tag-europe","12":"tag-fr","13":"tag-france","14":"tag-herault","15":"tag-montpellier","16":"tag-news","17":"tag-occitanie","18":"tag-republique-francaise","19":"tag-santu00e9"},"share_on_mastodon":{"url":"https:\/\/pubeurope.com\/@fr\/115733295723242204","error":""},"_links":{"self":[{"href":"https:\/\/www.europesays.com\/fr\/wp-json\/wp\/v2\/posts\/604528","targetHints":{"allow":["GET"]}}],"collection":[{"href":"https:\/\/www.europesays.com\/fr\/wp-json\/wp\/v2\/posts"}],"about":[{"href":"https:\/\/www.europesays.com\/fr\/wp-json\/wp\/v2\/types\/post"}],"author":[{"embeddable":true,"href":"https:\/\/www.europesays.com\/fr\/wp-json\/wp\/v2\/users\/2"}],"replies":[{"embeddable":true,"href":"https:\/\/www.europesays.com\/fr\/wp-json\/wp\/v2\/comments?post=604528"}],"version-history":[{"count":0,"href":"https:\/\/www.europesays.com\/fr\/wp-json\/wp\/v2\/posts\/604528\/revisions"}],"wp:featuredmedia":[{"embeddable":true,"href":"https:\/\/www.europesays.com\/fr\/wp-json\/wp\/v2\/media\/604529"}],"wp:attachment":[{"href":"https:\/\/www.europesays.com\/fr\/wp-json\/wp\/v2\/media?parent=604528"}],"wp:term":[{"taxonomy":"category","embeddable":true,"href":"https:\/\/www.europesays.com\/fr\/wp-json\/wp\/v2\/categories?post=604528"},{"taxonomy":"post_tag","embeddable":true,"href":"https:\/\/www.europesays.com\/fr\/wp-json\/wp\/v2\/tags?post=604528"}],"curies":[{"name":"wp","href":"https:\/\/api.w.org\/{rel}","templated":true}]}}