{"id":604532,"date":"2025-12-17T05:40:23","date_gmt":"2025-12-17T05:40:23","guid":{"rendered":"https:\/\/www.europesays.com\/fr\/604532\/"},"modified":"2025-12-17T05:40:23","modified_gmt":"2025-12-17T05:40:23","slug":"rdv-a-la-tombee-de-la-nuit","status":"publish","type":"post","link":"https:\/\/www.europesays.com\/fr\/604532\/","title":{"rendered":"Rdv \u00e0 la tomb\u00e9e de la nuit"},"content":{"rendered":"<p><strong>Quand les jours raccourcissent et que les temp\u00e9ratures baissent, Rouen r\u00e9v\u00e8le une atmosph\u00e8re singuli\u00e8re, presque \u00e9nigmatique. Les ruelles m\u00e9di\u00e9vales gagnent en myst\u00e8re et les monuments se d\u00e9voilent sous un angle inattendu.<\/strong><\/p>\n<p><strong>Cet hiver, Rouen Tourisme invite les visiteurs \u00e0 (re)d\u00e9couvrir la ville gr\u00e2ce \u00e0 une s\u00e9rie d\u2019exp\u00e9riences nocturnes in\u00e9dites de janvier \u00e0 mars : des visites immersives, exclusives et sensorielles pour vivre Rouen dans l\u2019intimit\u00e9 de la nuit et au plus pr\u00e8s de son patrimoine.<\/strong><\/p>\n","protected":false},"excerpt":{"rendered":"Quand les jours raccourcissent et que les temp\u00e9ratures baissent, Rouen r\u00e9v\u00e8le une atmosph\u00e8re singuli\u00e8re, presque \u00e9nigmatique. Les ruelles&hellip;\n","protected":false},"author":2,"featured_media":604533,"comment_status":"","ping_status":"","sticky":false,"template":"","format":"standard","meta":{"footnotes":""},"categories":[9587],"tags":[1111,11,1777,674,1011,27,12,5161,25,9590],"class_list":{"0":"post-604532","1":"post","2":"type-post","3":"status-publish","4":"format-standard","5":"has-post-thumbnail","7":"category-rouen","8":"tag-actu","9":"tag-actualites","10":"tag-eu","11":"tag-europe","12":"tag-fr","13":"tag-france","14":"tag-news","15":"tag-normandie","16":"tag-republique-francaise","17":"tag-rouen"},"share_on_mastodon":{"url":"","error":""},"_links":{"self":[{"href":"https:\/\/www.europesays.com\/fr\/wp-json\/wp\/v2\/posts\/604532","targetHints":{"allow":["GET"]}}],"collection":[{"href":"https:\/\/www.europesays.com\/fr\/wp-json\/wp\/v2\/posts"}],"about":[{"href":"https:\/\/www.europesays.com\/fr\/wp-json\/wp\/v2\/types\/post"}],"author":[{"embeddable":true,"href":"https:\/\/www.europesays.com\/fr\/wp-json\/wp\/v2\/users\/2"}],"replies":[{"embeddable":true,"href":"https:\/\/www.europesays.com\/fr\/wp-json\/wp\/v2\/comments?post=604532"}],"version-history":[{"count":0,"href":"https:\/\/www.europesays.com\/fr\/wp-json\/wp\/v2\/posts\/604532\/revisions"}],"wp:featuredmedia":[{"embeddable":true,"href":"https:\/\/www.europesays.com\/fr\/wp-json\/wp\/v2\/media\/604533"}],"wp:attachment":[{"href":"https:\/\/www.europesays.com\/fr\/wp-json\/wp\/v2\/media?parent=604532"}],"wp:term":[{"taxonomy":"category","embeddable":true,"href":"https:\/\/www.europesays.com\/fr\/wp-json\/wp\/v2\/categories?post=604532"},{"taxonomy":"post_tag","embeddable":true,"href":"https:\/\/www.europesays.com\/fr\/wp-json\/wp\/v2\/tags?post=604532"}],"curies":[{"name":"wp","href":"https:\/\/api.w.org\/{rel}","templated":true}]}}