{"id":604534,"date":"2025-12-17T05:41:19","date_gmt":"2025-12-17T05:41:19","guid":{"rendered":"https:\/\/www.europesays.com\/fr\/604534\/"},"modified":"2025-12-17T05:41:19","modified_gmt":"2025-12-17T05:41:19","slug":"plus-on-attend-pour-agir-plus-ca-va-couter-cher","status":"publish","type":"post","link":"https:\/\/www.europesays.com\/fr\/604534\/","title":{"rendered":"\u00ab\u00a0Plus on attend pour agir, plus \u00e7a va co\u00fbter cher\u00a0\u00bb"},"content":{"rendered":"<p>\u00ab\u00a0On a constat\u00e9 sur les deux ou trois derni\u00e8res \u00e9lections municipales, que la question du logement \u00e9tait un peu mise sous le tapis\u00a0\u00bb, lance Arthur Lhuissier, directeur g\u00e9n\u00e9ral d\u2019 <a href=\"https:\/\/www.ledauphine.com\/societe\/2024\/09\/16\/isere-eybens-logement-tres-social-on-y-arrive-quand-tout-le-monde-s-y-met\" target=\"_blank\" rel=\"nofollow noopener\">Un Toit pour tous<\/a>. Alors que pour l\u2019association qui lutte contre le mal-logement, avoir un chez soi, \u00ab\u00a0c\u2019est un besoin primaire. C\u2019est la base de tout, pour se sentir prot\u00e9g\u00e9, \u00eatre en s\u00e9curit\u00e9\u00a0\u00bb.<\/p>\n<p>Pourtant, \u00ab\u00a0les besoins en logements abordables n\u2019ont jamais&#8230;<\/p>\n","protected":false},"excerpt":{"rendered":"\u00ab\u00a0On a constat\u00e9 sur les deux ou trois derni\u00e8res \u00e9lections municipales, que la question du logement \u00e9tait un&hellip;\n","protected":false},"author":2,"featured_media":604535,"comment_status":"","ping_status":"","sticky":false,"template":"","format":"standard","meta":{"footnotes":""},"categories":[9566],"tags":[1111,11,2430,21751,21753,31403,34631,9600,29532,12492,9852,112,113,4188,1777,674,12390,9592,12127,1011,27,12505,2731,2732,21752,108,17480,6225,12297,16047,3294,21293,1908,9597,16046,38257,38258,29431,12,38259,38260,21900,29032,316,17223,25352,25,38261,275,30101,9448,9612,16045,38262,25353,16668,38263,16735,12277,104,13056,38264,24693,22780,16262,1986,35595],"class_list":{"0":"post-604534","1":"post","2":"type-post","3":"status-publish","4":"format-standard","5":"has-post-thumbnail","7":"category-grenoble","8":"tag-actu","9":"tag-actualites","10":"tag-auvergne-rhone-alpes","11":"tag-bresson","12":"tag-brie-et-angonnes","13":"tag-champ-sur-drac","14":"tag-champagnier","15":"tag-claix","16":"tag-corenc","17":"tag-domene","18":"tag-echirolles","19":"tag-edition-grenoble-agglomeration","20":"tag-edition-gresivaudan-oisans","21":"tag-elections-municipales","22":"tag-eu","23":"tag-europe","24":"tag-eybens","25":"tag-fontaine","26":"tag-fontanil-cornillon","27":"tag-fr","28":"tag-france","29":"tag-gieres","30":"tag-grenoble","31":"tag-grenoble-bassin","32":"tag-herbeys","33":"tag-isere","34":"tag-jarrie","35":"tag-la-matinale","36":"tag-la-tronche","37":"tag-le-gua","38":"tag-le-pont-de-claix","39":"tag-le-sappey-en-chartreuse","40":"tag-logement","41":"tag-meylan","42":"tag-miribel-lanchatre","43":"tag-mont-saint-martin","44":"tag-montchaboud","45":"tag-murianette","46":"tag-news","47":"tag-notre-dame-de-commiers","48":"tag-notre-dame-de-mesage","49":"tag-noyarey","50":"tag-poisat","51":"tag-politique","52":"tag-proveysieux","53":"tag-quaix-en-chartreuse","54":"tag-republique-francaise","55":"tag-saint-barthelemy-de-sechilienne","56":"tag-saint-egreve","57":"tag-saint-georges-de-commiers","58":"tag-saint-martin-dheres","59":"tag-saint-martin-le-vinoux","60":"tag-saint-paul-de-varces","61":"tag-saint-pierre-de-mesage","62":"tag-sarcenas","63":"tag-sassenage","64":"tag-sechilienne","65":"tag-seyssinet-pariset","66":"tag-seyssins","67":"tag-societe","68":"tag-varces-allieres-et-risset","69":"tag-vaulnaveys-le-bas","70":"tag-vaulnaveys-le-haut","71":"tag-venon","72":"tag-veurey-voroize","73":"tag-vif","74":"tag-vizille"},"share_on_mastodon":{"url":"","error":"Validation failed: Text character limit of 500 exceeded"},"_links":{"self":[{"href":"https:\/\/www.europesays.com\/fr\/wp-json\/wp\/v2\/posts\/604534","targetHints":{"allow":["GET"]}}],"collection":[{"href":"https:\/\/www.europesays.com\/fr\/wp-json\/wp\/v2\/posts"}],"about":[{"href":"https:\/\/www.europesays.com\/fr\/wp-json\/wp\/v2\/types\/post"}],"author":[{"embeddable":true,"href":"https:\/\/www.europesays.com\/fr\/wp-json\/wp\/v2\/users\/2"}],"replies":[{"embeddable":true,"href":"https:\/\/www.europesays.com\/fr\/wp-json\/wp\/v2\/comments?post=604534"}],"version-history":[{"count":0,"href":"https:\/\/www.europesays.com\/fr\/wp-json\/wp\/v2\/posts\/604534\/revisions"}],"wp:featuredmedia":[{"embeddable":true,"href":"https:\/\/www.europesays.com\/fr\/wp-json\/wp\/v2\/media\/604535"}],"wp:attachment":[{"href":"https:\/\/www.europesays.com\/fr\/wp-json\/wp\/v2\/media?parent=604534"}],"wp:term":[{"taxonomy":"category","embeddable":true,"href":"https:\/\/www.europesays.com\/fr\/wp-json\/wp\/v2\/categories?post=604534"},{"taxonomy":"post_tag","embeddable":true,"href":"https:\/\/www.europesays.com\/fr\/wp-json\/wp\/v2\/tags?post=604534"}],"curies":[{"name":"wp","href":"https:\/\/api.w.org\/{rel}","templated":true}]}}