{"id":604542,"date":"2025-12-17T05:45:21","date_gmt":"2025-12-17T05:45:21","guid":{"rendered":"https:\/\/www.europesays.com\/fr\/604542\/"},"modified":"2025-12-17T05:45:21","modified_gmt":"2025-12-17T05:45:21","slug":"ici-on-agit-a-strasbourg-carijou-joue-sur-plusieurs-tableaux","status":"publish","type":"post","link":"https:\/\/www.europesays.com\/fr\/604542\/","title":{"rendered":"Ici on agit !. \u00c0 Strasbourg, Carijou joue sur plusieurs tableaux"},"content":{"rendered":"<p>Dans la vitrine de la boutique Carijou situ\u00e9e 7 rue du Faubourg-National \u00e0 Strasbourg, des peluches cohabitent ce jour-l\u00e0 avec des jouets d\u2019\u00e9veil. \u00c0 peine la porte franchie, c\u2019est une ribambelle de jeux de soci\u00e9t\u00e9 et de poup\u00e9es qui s\u2019offre au regard. Il y en a pour tous les \u00e2ges et tous les go\u00fbts\u2026 Et surtout pour toutes les bourses. Comptez, par exemple, 6\u00a0\u20ac pour un ensemble de figurines de dinosaures, 5\u00a0\u20ac pour un coussin en forme de personnage, 2\u00a0\u20ac pour un hochet ou encore autant pour un puzzle \u00e9dit\u00e9 par un g\u00e9ant am\u00e9ricain du dessin anim\u00e9. Globalement, les tarifs sont entre&#8230;<\/p>\n","protected":false},"excerpt":{"rendered":"Dans la vitrine de la boutique Carijou situ\u00e9e 7 rue du Faubourg-National \u00e0 Strasbourg, des peluches cohabitent ce&hellip;\n","protected":false},"author":2,"featured_media":604543,"comment_status":"","ping_status":"","sticky":false,"template":"","format":"standard","meta":{"footnotes":""},"categories":[2820],"tags":[1111,11,2389,2649,2880,436,1777,674,107,1011,27,775,9588,12,25,640,2879],"class_list":{"0":"post-604542","1":"post","2":"type-post","3":"status-publish","4":"format-standard","5":"has-post-thumbnail","7":"category-strasbourg","8":"tag-actu","9":"tag-actualites","10":"tag-alsace","11":"tag-bas-rhin","12":"tag-edition-strasbourg","13":"tag-environnement","14":"tag-eu","15":"tag-europe","16":"tag-fil-info","17":"tag-fr","18":"tag-france","19":"tag-grand-est","20":"tag-ici-on-agit","21":"tag-news","22":"tag-republique-francaise","23":"tag-strasbourg","24":"tag-strasbourg-ville"},"share_on_mastodon":{"url":"https:\/\/pubeurope.com\/@fr\/115733326885667869","error":""},"_links":{"self":[{"href":"https:\/\/www.europesays.com\/fr\/wp-json\/wp\/v2\/posts\/604542","targetHints":{"allow":["GET"]}}],"collection":[{"href":"https:\/\/www.europesays.com\/fr\/wp-json\/wp\/v2\/posts"}],"about":[{"href":"https:\/\/www.europesays.com\/fr\/wp-json\/wp\/v2\/types\/post"}],"author":[{"embeddable":true,"href":"https:\/\/www.europesays.com\/fr\/wp-json\/wp\/v2\/users\/2"}],"replies":[{"embeddable":true,"href":"https:\/\/www.europesays.com\/fr\/wp-json\/wp\/v2\/comments?post=604542"}],"version-history":[{"count":0,"href":"https:\/\/www.europesays.com\/fr\/wp-json\/wp\/v2\/posts\/604542\/revisions"}],"wp:featuredmedia":[{"embeddable":true,"href":"https:\/\/www.europesays.com\/fr\/wp-json\/wp\/v2\/media\/604543"}],"wp:attachment":[{"href":"https:\/\/www.europesays.com\/fr\/wp-json\/wp\/v2\/media?parent=604542"}],"wp:term":[{"taxonomy":"category","embeddable":true,"href":"https:\/\/www.europesays.com\/fr\/wp-json\/wp\/v2\/categories?post=604542"},{"taxonomy":"post_tag","embeddable":true,"href":"https:\/\/www.europesays.com\/fr\/wp-json\/wp\/v2\/tags?post=604542"}],"curies":[{"name":"wp","href":"https:\/\/api.w.org\/{rel}","templated":true}]}}