{"id":604550,"date":"2025-12-17T05:50:11","date_gmt":"2025-12-17T05:50:11","guid":{"rendered":"https:\/\/www.europesays.com\/fr\/604550\/"},"modified":"2025-12-17T05:50:11","modified_gmt":"2025-12-17T05:50:11","slug":"brains-dernier-conseil-municipal-de-lannee-2025","status":"publish","type":"post","link":"https:\/\/www.europesays.com\/fr\/604550\/","title":{"rendered":"Brains. Dernier conseil municipal de l\u2019ann\u00e9e 2025"},"content":{"rendered":"<p>Lors du dernier conseil municipal, plusieurs points ont \u00e9t\u00e9 abord\u00e9s.<\/p>\n<p>Dans le cadre de la campagne Octobre rose, la commune a r\u00e9colt\u00e9 5\u00a0247\u00a0\u20ac, auxquels s\u2019ajoutent 5\u00a0500\u00a0\u20ac vers\u00e9s \u00e0 l\u2019association \u00ab\u00a0Ma Parenth\u00e8se\u00a0\u00bb.<\/p>\n<p>Le temps de travail du charg\u00e9 de communication, jusqu\u2019ici fix\u00e9 \u00e0 28\u00a0heures hebdomadaires, sera augment\u00e9 \u00e0 35\u00a0heures \u00e0 partir du 1er\u00a0janvier 2026.<\/p>\n<p>Pour r\u00e9duire la fracture num\u00e9rique, la commune propose, en partenariat avec l\u2019association \u00ab\u00a0Le coup de main num\u00e9rique\u00a0\u00bb, des ateliers individuels gratuits et ouverts \u00e0 tous. Deux types d\u2019accompagnement sont propos\u00e9s\u00a0: les d\u00e9marches administratives en ligne et l\u2019apprentissage des bases informatiques.<\/p>\n<p>\u00c0 la suite de situations conflictuelles aux abords de l\u2019\u00e9cole Jules-Verne, l\u2019association des parents d\u2019\u00e9l\u00e8ves a signal\u00e9 le non-respect du sens interdit aux heures d\u2019entr\u00e9e et de sortie des \u00e9l\u00e8ves. La mairie, en coordination avec la gendarmerie, a rapidement r\u00e9agi et 26\u00a0interpellations ont \u00e9t\u00e9 effectu\u00e9es sur une semaine.<\/p>\n<p>Enfin, le comit\u00e9 citoyen local a d\u00e9nonc\u00e9 le manque de documents appropri\u00e9s et le temps r\u00e9duit accord\u00e9 pour traiter les sujets dans le cadre de l\u2019op\u00e9ration \u00ab\u00a0C\u0153ur de bourg \/ C\u0153ur de ville\u00a0\u00bb.<\/p>\n<p>\u00a0<\/p>\n","protected":false},"excerpt":{"rendered":"Lors du dernier conseil municipal, plusieurs points ont \u00e9t\u00e9 abord\u00e9s. Dans le cadre de la campagne Octobre rose,&hellip;\n","protected":false},"author":2,"featured_media":604551,"comment_status":"","ping_status":"","sticky":false,"template":"","format":"standard","meta":{"footnotes":""},"categories":[2818],"tags":[17,1111,11,5648,71637,7516,4431,1777,674,1011,27,7517,766,12,2636,25],"class_list":{"0":"post-604550","1":"post","2":"type-post","3":"status-publish","4":"format-standard","5":"has-post-thumbnail","7":"category-nantes","8":"tag-17","9":"tag-actu","10":"tag-actualites","11":"tag-annee","12":"tag-brains","13":"tag-conseil","14":"tag-dernier","15":"tag-eu","16":"tag-europe","17":"tag-fr","18":"tag-france","19":"tag-municipal","20":"tag-nantes","21":"tag-news","22":"tag-pays-de-la-loire","23":"tag-republique-francaise"},"share_on_mastodon":{"url":"https:\/\/pubeurope.com\/@fr\/115733346639615688","error":""},"_links":{"self":[{"href":"https:\/\/www.europesays.com\/fr\/wp-json\/wp\/v2\/posts\/604550","targetHints":{"allow":["GET"]}}],"collection":[{"href":"https:\/\/www.europesays.com\/fr\/wp-json\/wp\/v2\/posts"}],"about":[{"href":"https:\/\/www.europesays.com\/fr\/wp-json\/wp\/v2\/types\/post"}],"author":[{"embeddable":true,"href":"https:\/\/www.europesays.com\/fr\/wp-json\/wp\/v2\/users\/2"}],"replies":[{"embeddable":true,"href":"https:\/\/www.europesays.com\/fr\/wp-json\/wp\/v2\/comments?post=604550"}],"version-history":[{"count":0,"href":"https:\/\/www.europesays.com\/fr\/wp-json\/wp\/v2\/posts\/604550\/revisions"}],"wp:featuredmedia":[{"embeddable":true,"href":"https:\/\/www.europesays.com\/fr\/wp-json\/wp\/v2\/media\/604551"}],"wp:attachment":[{"href":"https:\/\/www.europesays.com\/fr\/wp-json\/wp\/v2\/media?parent=604550"}],"wp:term":[{"taxonomy":"category","embeddable":true,"href":"https:\/\/www.europesays.com\/fr\/wp-json\/wp\/v2\/categories?post=604550"},{"taxonomy":"post_tag","embeddable":true,"href":"https:\/\/www.europesays.com\/fr\/wp-json\/wp\/v2\/tags?post=604550"}],"curies":[{"name":"wp","href":"https:\/\/api.w.org\/{rel}","templated":true}]}}