{"id":604552,"date":"2025-12-17T05:51:11","date_gmt":"2025-12-17T05:51:11","guid":{"rendered":"https:\/\/www.europesays.com\/fr\/604552\/"},"modified":"2025-12-17T05:51:11","modified_gmt":"2025-12-17T05:51:11","slug":"des-lanternes-vont-illuminer-cette-commune-avant-noel","status":"publish","type":"post","link":"https:\/\/www.europesays.com\/fr\/604552\/","title":{"rendered":"des lanternes vont illuminer cette commune avant No\u00ebl"},"content":{"rendered":"<p>                    Par<br \/>\n        <strong><br \/>\n            <a href=\"https:\/\/actu.fr\/auteur\/redaction-nantes\" title=\"Consulter tous les articles de R\u00e9daction Nantes\" target=\"_blank\" rel=\"noopener\">R\u00e9daction Nantes<\/a><br \/>\n                    <\/strong><\/p>\n<p>        Publi\u00e9 le<\/p>\n<p>            17 d\u00e9c. 2025 \u00e0 6h36        <\/p>\n<p>Avant les vacances de No\u00ebl, la commune de Sainte-Luce-sur-Loire, \u00e0 l\u2019est de Nantes, organise un \u00e9v\u00e9nement familial dans le centre-ville. <b>Ce vendredi 19\u00a0d\u00e9cembre 2025<\/b>, <b>\u00e0 partir de 18\u2009h\u200930<\/b>, une parade de lanternes d\u00e9ambulera et illuminera le ciel de la commune lig\u00e9rienne.<\/p>\n<p>Spectacle gratuit<\/p>\n<p class=\" wall-content\">\u00ab\u2009Les lanternes <b>ont \u00e9t\u00e9 fabriqu\u00e9es par des habitants lors d\u2019ateliers organis\u00e9s il y a deux mois<\/b>. Avec la complicit\u00e9 de la compagnie Les R\u00e9mouleurs, des lampions de diff\u00e9rentes tailles seront remis aux participants \u00e0 18\u2009h sur l\u2019esplanade Pierre Brasselet\u2009\u00bb, rappelle la Ville de Sainte-Luce-sur-Loire dans un communiqu\u00e9 de presse.<\/p>\n<p>    <a href=\"https:\/\/www.facebook.com\/plugins\/post.php?href=https%3A%2F%2Fwww.facebook.com%2Fsainteluceloire%2Fposts%2Fpfbid0pg7rfYEYLuht59e2hcCmRALLHvKKauS4CaXFh8hfhDvxkHLnh3hD5tEbjmSLSdS6l&amp;show_text=true&amp;width=350\" title=\"Ouvrie le lien\" target=\"_blank\" rel=\"noopener\">Cliquez ici pour visualiser le contenu<\/a><\/p>\n<p class=\" wall-content\">La compagnie Fakir accompagnera cette marche dans les rues du centre-ville. La Ville rappelle que ce spectacle est gratuit.<\/p>\n<p>Parade de lanternes, Esplanade Pierre Brasselet, Sainte-Luce-sur-Loire, vendredi 19\u00a0d\u00e9cembre 2025.<br \/>Rendez-vous \u00e0 partir de 18\u2009h, d\u00e9but de la marche \u00e0 18\u2009h\u200930.<\/p>\n<p class=\" wall-content\">Personnalisez votre actualit\u00e9 en ajoutant vos villes et m\u00e9dias en favori avec <a href=\"https:\/\/moncompte.actu.fr\" title=\"D\u00e9couvez Mon Actu\" rel=\"nofollow noopener\" data-trk=\"{&quot;cta&quot;:{&quot;action&quot;:&quot;https:\\\/\\\/moncompte.actu.fr&quot;,&quot;category&quot;:&quot;mon compte&quot;,&quot;from&quot;:&quot;article footer&quot;,&quot;name&quot;:&quot;Mon actu&quot;,&quot;type&quot;:&quot;cta&quot;}}\" target=\"_blank\">Mon Actu<\/a>.<\/p>\n","protected":false},"excerpt":{"rendered":"Par R\u00e9daction Nantes Publi\u00e9 le 17 d\u00e9c. 2025 \u00e0 6h36 Avant les vacances de No\u00ebl, la commune de&hellip;\n","protected":false},"author":2,"featured_media":604553,"comment_status":"","ping_status":"","sticky":false,"template":"","format":"standard","meta":{"footnotes":""},"categories":[2818],"tags":[1111,11,1777,674,1011,27,1652,766,12,15830,2636,25,853],"class_list":{"0":"post-604552","1":"post","2":"type-post","3":"status-publish","4":"format-standard","5":"has-post-thumbnail","7":"category-nantes","8":"tag-actu","9":"tag-actualites","10":"tag-eu","11":"tag-europe","12":"tag-fr","13":"tag-france","14":"tag-loisirs-culture","15":"tag-nantes","16":"tag-news","17":"tag-noel","18":"tag-pays-de-la-loire","19":"tag-republique-francaise","20":"tag-spectacles"},"share_on_mastodon":{"url":"https:\/\/pubeurope.com\/@fr\/115733350605479510","error":""},"_links":{"self":[{"href":"https:\/\/www.europesays.com\/fr\/wp-json\/wp\/v2\/posts\/604552","targetHints":{"allow":["GET"]}}],"collection":[{"href":"https:\/\/www.europesays.com\/fr\/wp-json\/wp\/v2\/posts"}],"about":[{"href":"https:\/\/www.europesays.com\/fr\/wp-json\/wp\/v2\/types\/post"}],"author":[{"embeddable":true,"href":"https:\/\/www.europesays.com\/fr\/wp-json\/wp\/v2\/users\/2"}],"replies":[{"embeddable":true,"href":"https:\/\/www.europesays.com\/fr\/wp-json\/wp\/v2\/comments?post=604552"}],"version-history":[{"count":0,"href":"https:\/\/www.europesays.com\/fr\/wp-json\/wp\/v2\/posts\/604552\/revisions"}],"wp:featuredmedia":[{"embeddable":true,"href":"https:\/\/www.europesays.com\/fr\/wp-json\/wp\/v2\/media\/604553"}],"wp:attachment":[{"href":"https:\/\/www.europesays.com\/fr\/wp-json\/wp\/v2\/media?parent=604552"}],"wp:term":[{"taxonomy":"category","embeddable":true,"href":"https:\/\/www.europesays.com\/fr\/wp-json\/wp\/v2\/categories?post=604552"},{"taxonomy":"post_tag","embeddable":true,"href":"https:\/\/www.europesays.com\/fr\/wp-json\/wp\/v2\/tags?post=604552"}],"curies":[{"name":"wp","href":"https:\/\/api.w.org\/{rel}","templated":true}]}}