{"id":604554,"date":"2025-12-17T05:52:10","date_gmt":"2025-12-17T05:52:10","guid":{"rendered":"https:\/\/www.europesays.com\/fr\/604554\/"},"modified":"2025-12-17T05:52:10","modified_gmt":"2025-12-17T05:52:10","slug":"deux-eboueurs-sauvent-une-femme-qui-sappretait-a-sauter-du-pont-daquitaine","status":"publish","type":"post","link":"https:\/\/www.europesays.com\/fr\/604554\/","title":{"rendered":"deux \u00e9boueurs sauvent une femme qui s&rsquo;appr\u00eatait \u00e0 sauter du pont d&rsquo;Aquitaine"},"content":{"rendered":"<p>                    Par<br \/>\n        <strong><br \/>\n            <a href=\"https:\/\/actu.fr\/auteur\/sports33\" title=\"Consulter tous les articles de Nicolas Gosselin\" target=\"_blank\" rel=\"noopener\">Nicolas Gosselin<\/a><br \/>\n                    <\/strong><\/p>\n<p>        Publi\u00e9 le<\/p>\n<p>            17 d\u00e9c. 2025 \u00e0 6h36        <\/p>\n<p>Chaque ann\u00e9e, des<strong> personnes d\u00e9sesp\u00e9r\u00e9es<\/strong> mettent fin \u00e0 leurs jours en sautant du haut du <a href=\"https:\/\/actu.fr\/tag\/pont-d-aquitaine\" target=\"_blank\" rel=\"noopener\">pont d\u2019Aquitaine<\/a>. Mercredi 10 d\u00e9cembre 2025, cette triste liste aurait pu encore s\u2019allonger sans <strong>la r\u00e9activit\u00e9 et le sang-froid de deux \u00e9boueurs<\/strong>, qui ont aper\u00e7u ce matin-l\u00e0 une femme en train de franchir les barri\u00e8res pour <strong>se jeter de plus de 50 m\u00e8tres <\/strong>au-dessus de la <a href=\"https:\/\/actu.fr\/tag\/garonne\" target=\"_blank\" rel=\"noopener\">Garonne<\/a>. Ni une, ni deux, ils ont accouru vers elle pour l\u2019emp\u00eacher de sauter. Pour <a href=\"https:\/\/actu.fr\/bordeaux\/\" target=\"_blank\" rel=\"noopener\">actu Bordeaux<\/a>, ils reviennent sur cette matin\u00e9e pas comme les autres\u2026<\/p>\n<p class=\" wall-content\">Il \u00e9tait vers 9h30, on venait de finir notre tourn\u00e9e \u00e0 <a href=\"https:\/\/actu.fr\/nouvelle-aquitaine\/ambares-et-lagrave_33003\" target=\"_blank\" rel=\"noopener\">Ambar\u00e8s-et-Lagrave<\/a> et on se dirigeait vers notre d\u00e9p\u00f4t \u00e0 Bordeaux-Lac, raconte Olivier Gerbeaud, l\u2019un des deux \u00e9boueurs en question. En arrivant au niveau du pont d\u2019Aquitaine, \u00e7a commen\u00e7ait \u00e0 bien bouchonner\u2026\u00a0\u00bb<\/p>\n<p>Elle se dit victime des scientologues<\/p>\n<p class=\" wall-content\">Assis sur le si\u00e8ge passer, adoss\u00e9 \u00e0 la porti\u00e8re, son coll\u00e8gue Ugo Audy aper\u00e7oit alors une voiture \u00e0 l\u2019arr\u00eat sur la voie oppos\u00e9e, avec les<strong> feux de d\u00e9tresse allum\u00e9s<\/strong>. Sa conductrice n\u2019est plus dans l\u2019habitacle et <strong>enjambe les barri\u00e8res de s\u00e9curit\u00e9 du pont<\/strong>.<\/p>\n<blockquote class=\"ac-article-quote wall-content\">\n<p>Je me suis dit : \u00ab\u00a0Qu&rsquo;est-ce qu&rsquo;elle fait ?\u00a0\u00bb Je n&rsquo;ai pas r\u00e9fl\u00e9chi, j&rsquo;ai ouvert la porti\u00e8re et j&rsquo;ai couru vers elle. J&rsquo;ai travers\u00e9 les voies en arr\u00eatant les voitures et j&rsquo;ai essay\u00e9 de l&rsquo;attraper par la taille.<\/p>\n<p>    <strong>Ugo Audy<\/strong>\n            <\/p><\/blockquote>\n<p class=\" wall-content\">Son coll\u00e8ge Olivier Gerbeaud le rejoint quelques secondes plus tard. \u00ab\u00a0On essayait de la raisonner mais elle nous r\u00e9pondait : \u00ab\u00a0Laissez-moi, laissez-moi ! Il faut que je saute sinon <strong>ils vont tuer mon fils<\/strong>. Vous savez tr\u00e8s bien de qui je parle : <strong>les scientologues<\/strong>. On ne peut rien faire pour arranger ma situation.\u00a0\u00bb<\/p>\n<p>Un policier se menotte \u00e0 la femme<\/p>\n<p class=\" wall-content\">\u00ab\u00a0On voyait qu\u2019elle \u00e9tait perdue, elle se sentait oblig\u00e9e d\u2019en finir, poursuit Ugo Audy. Je n\u2019avais plus trop la notion du temps, j\u2019\u00e9tais paniqu\u00e9. J\u2019avais peur qu\u2019elle saute devant mes yeux !\u00a0\u00bb<\/p>\n<p class=\" wall-content\">Avec son coll\u00e8gue, l\u2019\u00e9boueur de 26 ans a r\u00e9ussi \u00e0 maintenir la discussion avec elle jusqu\u2019\u00e0 l\u2019arriv\u00e9e des policiers. \u00ab\u00a0Au bout de dix minutes, je dirai\u00a0\u00bb, estime Olivier Gerbeaud, 42 ans dont huit ans de bo\u00eete. D\u00e8s lors, <strong>un agent de police a r\u00e9ussi \u00e0 menotter le poignet<\/strong> de la femme au sien pour la s\u00e9curiser puis les pompiers sont arriv\u00e9s ensuite.<\/p>\n<p>Votre r\u00e9gion, votre actu !<\/p>\n<p>Recevez chaque jour les infos qui comptent pour vous.<\/p>\n<p>\t<a href=\"https:\/\/actu.fr\/newsletter\" class=\"ac-btn ac-btn--corner ac-btn--medium ac-btn--blue800\" target=\"_blank\" rel=\"noopener\">S&rsquo;incrire<\/a><\/p>\n<p class=\" wall-content\">Les agents de <a href=\"https:\/\/actu.fr\/tag\/bordeaux-metropole\" target=\"_blank\" rel=\"noopener\">Bordeaux M\u00e9tropole<\/a> ont alors donn\u00e9 le relais et ont rejoint leur chauffeur dans le camion benne pour retourner vers leur d\u00e9p\u00f4t. De cette femme \u00e2g\u00e9e \u00ab\u00a0d\u2019environ 50 ans\u00a0\u00bb, ils n\u2019ont plus eu de nouvelles depuis bien qu\u2019ils lui aient certainement sauv\u00e9 la vie.<\/p>\n<p>\u00ab\u00a0C\u2019est un acte tout \u00e0 fait normal\u00a0\u00bb<\/p>\n<p class=\" wall-content\">\u00ab\u00a0\u00c0 mon sens, ce n\u2019\u00e9tait<strong> pas un acte h\u00e9ro\u00efque<\/strong>. C\u2019est un acte tout \u00e0 fait normal. On ne voyait pas l\u2019int\u00e9r\u00eat de l\u2019\u00e9bruiter\u00a0\u00bb, dit Olivier Gerveaud. Pour autant, la plupart des automobilistes sont pass\u00e9s devant la sc\u00e8ne en regardant avec beaucoup de curiosit\u00e9 mais sans s\u2019arr\u00eater.\u00a0<\/p>\n<p class=\" wall-content\">Alors, forc\u00e9ment, quand l\u2019information est remont\u00e9e jusqu\u2019\u00e0 la hi\u00e9rarchie, les agents ont \u00e9t\u00e9 convoqu\u00e9s pour \u00eatre remerci\u00e9s. \u00ab\u00a0Comme j\u2019ai dit aux autres, on a aid\u00e9 au sauvetage mais ce n\u2019est pas nous qui l\u2019avons sauv\u00e9e. On a fait une petite partie mais la plus grosse partie, ce sont les policiers et les pompiers\u00a0\u00bb, r\u00e9torque humblement Ugo Audy.<\/p>\n<p class=\" wall-content\">Pourtant, c\u2019\u00e9tait bien lui le premier \u00e0 \u00eatre venu \u00e0 sa rencontre pour la dissuader de sauter et tenter de la retenir avec ses bras. Ce jour-l\u00e0 d\u2019ailleurs, quand il est rentr\u00e9 chez lui apr\u00e8s son service, il n\u2019a pas fait la sieste comme d\u2019habitude. \u00ab\u00a0Je n\u2019arrivais pas \u00e0 dormir, je cogitais. J\u2019\u00e9tais <strong>encore sous le choc<\/strong>, admet-il. Mais heureusement, <strong>tout s\u2019est bien fini<\/strong>.\u00a0\u00bb Et quoi qu\u2019il en dise, c\u2019est beaucoup gr\u00e2ce \u00e0 lui et \u00e0 son coll\u00e8gue.<\/p>\n<p class=\" wall-content\">Personnalisez votre actualit\u00e9 en ajoutant vos villes et m\u00e9dias en favori avec <a href=\"https:\/\/moncompte.actu.fr\" title=\"D\u00e9couvez Mon Actu\" rel=\"nofollow noopener\" data-trk=\"{&quot;cta&quot;:{&quot;action&quot;:&quot;https:\\\/\\\/moncompte.actu.fr&quot;,&quot;category&quot;:&quot;mon compte&quot;,&quot;from&quot;:&quot;article footer&quot;,&quot;name&quot;:&quot;Mon actu&quot;,&quot;type&quot;:&quot;cta&quot;}}\" target=\"_blank\">Mon Actu<\/a>.<\/p>\n","protected":false},"excerpt":{"rendered":"Par Nicolas Gosselin Publi\u00e9 le 17 d\u00e9c. 2025 \u00e0 6h36 Chaque ann\u00e9e, des personnes d\u00e9sesp\u00e9r\u00e9es mettent fin \u00e0&hellip;\n","protected":false},"author":2,"featured_media":604555,"comment_status":"","ping_status":"","sticky":false,"template":"","format":"standard","meta":{"footnotes":""},"categories":[2817],"tags":[1111,11,1997,2904,1777,674,1011,27,12,2219,13228,25,104,240],"class_list":{"0":"post-604554","1":"post","2":"type-post","3":"status-publish","4":"format-standard","5":"has-post-thumbnail","7":"category-bordeaux","8":"tag-actu","9":"tag-actualites","10":"tag-bordeaux","11":"tag-bordeaux-metropole","12":"tag-eu","13":"tag-europe","14":"tag-fr","15":"tag-france","16":"tag-news","17":"tag-nouvelle-aquitaine","18":"tag-pont-daquitaine","19":"tag-republique-francaise","20":"tag-societe","21":"tag-temoignage"},"share_on_mastodon":{"url":"https:\/\/pubeurope.com\/@fr\/115733354536378051","error":""},"_links":{"self":[{"href":"https:\/\/www.europesays.com\/fr\/wp-json\/wp\/v2\/posts\/604554","targetHints":{"allow":["GET"]}}],"collection":[{"href":"https:\/\/www.europesays.com\/fr\/wp-json\/wp\/v2\/posts"}],"about":[{"href":"https:\/\/www.europesays.com\/fr\/wp-json\/wp\/v2\/types\/post"}],"author":[{"embeddable":true,"href":"https:\/\/www.europesays.com\/fr\/wp-json\/wp\/v2\/users\/2"}],"replies":[{"embeddable":true,"href":"https:\/\/www.europesays.com\/fr\/wp-json\/wp\/v2\/comments?post=604554"}],"version-history":[{"count":0,"href":"https:\/\/www.europesays.com\/fr\/wp-json\/wp\/v2\/posts\/604554\/revisions"}],"wp:featuredmedia":[{"embeddable":true,"href":"https:\/\/www.europesays.com\/fr\/wp-json\/wp\/v2\/media\/604555"}],"wp:attachment":[{"href":"https:\/\/www.europesays.com\/fr\/wp-json\/wp\/v2\/media?parent=604554"}],"wp:term":[{"taxonomy":"category","embeddable":true,"href":"https:\/\/www.europesays.com\/fr\/wp-json\/wp\/v2\/categories?post=604554"},{"taxonomy":"post_tag","embeddable":true,"href":"https:\/\/www.europesays.com\/fr\/wp-json\/wp\/v2\/tags?post=604554"}],"curies":[{"name":"wp","href":"https:\/\/api.w.org\/{rel}","templated":true}]}}