{"id":604559,"date":"2025-12-17T05:55:13","date_gmt":"2025-12-17T05:55:13","guid":{"rendered":"https:\/\/www.europesays.com\/fr\/604559\/"},"modified":"2025-12-17T05:55:13","modified_gmt":"2025-12-17T05:55:13","slug":"redonner-confiance-avant-lentretien-la-cravate-solidaire-sinstalle-a-toulouse","status":"publish","type":"post","link":"https:\/\/www.europesays.com\/fr\/604559\/","title":{"rendered":"\u00ab\u00a0Redonner confiance avant l\u2019entretien\u00a0\u00bb\u00a0: La Cravate Solidaire s\u2019installe \u00e0 Toulouse"},"content":{"rendered":"<p>\n                                                                    l&rsquo;essentiel<br \/>\n                                                                Depuis septembre, l\u2019antenne toulousaine de La Cravate Solidaire propose un accompagnement humain et personnalis\u00e9 aux demandeurs d\u2019emploi, en intervenant sur le \u00ab\u00a0dernier kilom\u00e8tre de l\u2019insertion professionnelle\u00a0\u00bb.\n                            <\/p>\n<p>Lutter contre les discriminations \u00e0 l\u2019embauche en redonnant confiance aux candidats\u00a0: c\u2019est l\u2019ambition de<a href=\"https:\/\/lacravatesolidaire.org\/toulouse\" target=\"_self\" rel=\"noopener\"> La Cravate Solidaire<\/a>, qui a ouvert une antenne \u00e0 Toulouse, au Grand March\u00e9, en septembre dernier.<\/p>\n<p>Cr\u00e9\u00e9e il y a douze ans \u00e0 Paris par trois \u00e9tudiants, La Cravate Solidaire est aujourd\u2019hui un r\u00e9seau national de quatorze associations. Toulouse devient ainsi la quinzi\u00e8me antenne. \u00ab\u00a0Notre objectif est de lutter contre les discriminations \u00e0 l\u2019embauche, notamment celles li\u00e9es \u00e0 l\u2019image. Nous intervenons sur le dernier kilom\u00e8tre de l\u2019insertion professionnelle, l\u00e0 o\u00f9 un petit coup de pouce peut tout changer\u00a0\u00bb, r\u00e9sume Christine Houry, qui a cofond\u00e9 l\u2019antenne toulousaine avec Amel Abani.<\/p>\n<p>Au c\u0153ur du dispositif\u00a0: les ateliers \u00ab\u00a0coup de pouce\u00a0\u00bb. Chaque candidat y b\u00e9n\u00e9ficie d\u2019un accueil chaleureux, d\u2019un coaching vestimentaire, d\u2019un atelier RH et d\u2019une s\u00e9ance photo professionnelle. \u00ab\u00a0L\u2019id\u00e9e, c\u2019est que la personne reparte avec une tenue adapt\u00e9e \u00e0 son entretien, mais aussi avec plus de confiance en elle\u00a0\u00bb, souligne la cofondatrice.<br \/>Ces ateliers reposent enti\u00e8rement sur l\u2019engagement des b\u00e9n\u00e9voles.<\/p>\n<p class=\"std-elt__inline\">\n        <strong>\u00c0 lire aussi :<\/strong><br \/>\n        <a href=\"https:\/\/www.ladepeche.fr\/2025\/10\/07\/on-a-ete-tres-emues-en-vidant-une-poche-elles-decouvrent-le-journal-dune-femme-de-1940-oublie-depuis-plus-de-80-ans-12977146.php\" target=\"_blank\" rel=\"noopener\">\u00ab\u00a0On a \u00e9t\u00e9 tr\u00e8s \u00e9mues\u00a0\u00bb\u00a0: en vidant une poche, elles d\u00e9couvrent le journal d\u2019une femme de 1940, oubli\u00e9 depuis plus de 80 ans<\/a>\n    <\/p>\n<p>\u00c0 Toulouse, l\u2019association compte d\u00e9j\u00e0 une cinquantaine de volontaires, dont une vingtaine tr\u00e8s actifs. Les ateliers se tiennent pour l\u2019instant le mardi apr\u00e8s-midi, et seront \u00e9galement propos\u00e9s le jeudi \u00e0 partir de 2026.<\/p>\n<p>Ils sont ouverts \u00e0 toute personne ayant un projet professionnel, sur\u00a0inscription. \u00ab\u00a0Cela peut \u00eatre un jeune en recherche d\u2019alternance, un senior, une personne en situation de handicap, ou quelqu\u2019un en reconversion. La seule condition, c\u2019est d\u2019avoir un projet\u00a0\u00bb, insiste Christine Houry.<\/p>\n<p>Une trentaine de candidats accompagn\u00e9s<\/p>\n<p>Depuis son lancement, une trentaine de candidats ont d\u00e9j\u00e0 \u00e9t\u00e9 accompagn\u00e9s \u00e0 Toulouse.<\/p>\n<p>Si les dons de v\u00eatements restent utiles, ils ne constituent pas aujourd\u2019hui la priorit\u00e9. \u00ab\u00a0Notre principal besoin, ce sont les b\u00e9n\u00e9voles\u00a0\u00bb, affirme la cofondatrice.<\/p>\n<p class=\"std-elt__inline\">\n        <strong>\u00c0 lire aussi :<\/strong><br \/>\n        <a href=\"https:\/\/www.ladepeche.fr\/2025\/12\/04\/arterris-acteur-de-promotion-sociale-par-le-vetement-dembauche-13090043.php\" target=\"_blank\" rel=\"noopener\">Arterris, acteur de promotion sociale par le v\u00eatement d\u2019embauche<\/a>\n    <\/p>\n<p>La Cravate Solidaire souhaite \u00e9galement renforcer ses partenariats avec les entreprises, les institutions et les associations locales.<\/p>\n<p>L\u2019antenne est aujourd\u2019hui centr\u00e9e sur Toulouse mais\u00a0son territoire d\u2019action s\u2019\u00e9tend d\u00e9j\u00e0 \u00e0 la Haute-Garonne, avec une ambition vers le Tarn et le Tarn-et-Garonne. \u00c0 terme, l\u2019association esp\u00e8re m\u00eame lancer une version mobile de La Cravate Solidaire.<\/p>\n<p>\u00ab\u00a0Belle collecte\u00a0\u00bb au sein de la D\u00e9p\u00eache<\/p>\n<p>R\u00e9cemment, La Cravate Solidaire a organis\u00e9 une collecte de v\u00eatements en partenariat avec La D\u00e9p\u00eache du Midi. \u00ab\u00a0Avant m\u00eame le lancement officiel, nous avions d\u00e9j\u00e0 re\u00e7u entre 30 et 40\u00a0kg de v\u00eatements. Sur quinze jours, on peut atteindre 80 \u00e0 150\u00a0kg\u00a0\u00bb, se r\u00e9jouit la cofondatrice.<br \/>V\u00eatements hommes et femmes, accessoires, sacs, ceintures, foulards\u2026 \u00ab\u00a0Ce qui compte, c\u2019est la qualit\u00e9. Nous voulons que les candidats se sentent valoris\u00e9s.\u00a0\u00bb<\/p>\n","protected":false},"excerpt":{"rendered":"l&rsquo;essentiel Depuis septembre, l\u2019antenne toulousaine de La Cravate Solidaire propose un accompagnement humain et personnalis\u00e9 aux demandeurs d\u2019emploi,&hellip;\n","protected":false},"author":2,"featured_media":604560,"comment_status":"","ping_status":"","sticky":false,"template":"","format":"standard","meta":{"footnotes":""},"categories":[2816],"tags":[1111,11,1777,674,1011,27,329,2722,12,2680,25,1857,2312],"class_list":{"0":"post-604559","1":"post","2":"type-post","3":"status-publish","4":"format-standard","5":"has-post-thumbnail","7":"category-toulouse","8":"tag-actu","9":"tag-actualites","10":"tag-eu","11":"tag-europe","12":"tag-fr","13":"tag-france","14":"tag-france-monde","15":"tag-haute-garonne","16":"tag-news","17":"tag-occitanie","18":"tag-republique-francaise","19":"tag-sociu00e9tu00e9","20":"tag-toulouse"},"share_on_mastodon":{"url":"https:\/\/pubeurope.com\/@fr\/115733366355396713","error":""},"_links":{"self":[{"href":"https:\/\/www.europesays.com\/fr\/wp-json\/wp\/v2\/posts\/604559","targetHints":{"allow":["GET"]}}],"collection":[{"href":"https:\/\/www.europesays.com\/fr\/wp-json\/wp\/v2\/posts"}],"about":[{"href":"https:\/\/www.europesays.com\/fr\/wp-json\/wp\/v2\/types\/post"}],"author":[{"embeddable":true,"href":"https:\/\/www.europesays.com\/fr\/wp-json\/wp\/v2\/users\/2"}],"replies":[{"embeddable":true,"href":"https:\/\/www.europesays.com\/fr\/wp-json\/wp\/v2\/comments?post=604559"}],"version-history":[{"count":0,"href":"https:\/\/www.europesays.com\/fr\/wp-json\/wp\/v2\/posts\/604559\/revisions"}],"wp:featuredmedia":[{"embeddable":true,"href":"https:\/\/www.europesays.com\/fr\/wp-json\/wp\/v2\/media\/604560"}],"wp:attachment":[{"href":"https:\/\/www.europesays.com\/fr\/wp-json\/wp\/v2\/media?parent=604559"}],"wp:term":[{"taxonomy":"category","embeddable":true,"href":"https:\/\/www.europesays.com\/fr\/wp-json\/wp\/v2\/categories?post=604559"},{"taxonomy":"post_tag","embeddable":true,"href":"https:\/\/www.europesays.com\/fr\/wp-json\/wp\/v2\/tags?post=604559"}],"curies":[{"name":"wp","href":"https:\/\/api.w.org\/{rel}","templated":true}]}}