{"id":604567,"date":"2025-12-17T05:59:12","date_gmt":"2025-12-17T05:59:12","guid":{"rendered":"https:\/\/www.europesays.com\/fr\/604567\/"},"modified":"2025-12-17T05:59:12","modified_gmt":"2025-12-17T05:59:12","slug":"ce-que-nos-lecteurs-ont-pense-demmanuel-macron-a-marseille","status":"publish","type":"post","link":"https:\/\/www.europesays.com\/fr\/604567\/","title":{"rendered":"ce que nos lecteurs ont pens\u00e9 d&rsquo;Emmanuel Macron \u00e0 Marseille"},"content":{"rendered":"<p><strong>Barth\u00e9l\u00e9my, 15\u00a0ans<\/strong><\/p>\n<p>\u00ab\u00a0J\u2019ai trouv\u00e9 le Pr\u00e9sident p\u00e9dagogue et transparent. Je retiens qu\u2019il reste encore beaucoup \u00e0 faire, r\u00e9sume le lyc\u00e9en de Provence \u00e0 Marseille. Sur <a href=\"https:\/\/www.laprovence.com\/article\/region\/21674843749130\/reseaux-sociaux-interdits-aux-moins-de-16-ans-en-australie-je-pense-quon-y-est-pret-estime-macron-a-marseille\" target=\"_blank\" rel=\"noopener\">l\u2019interdiction des r\u00e9seaux sociaux avant 16\u00a0ans<\/a>, Barth\u00e9l\u00e9my est partag\u00e9. \u00ab\u00a0C\u2019est repousser le probl\u00e8me. Les ados iront ailleurs et surtout, le cyberharc\u00e8lement ne s\u2019arr\u00eate pas \u00e0 16 ans. Comment on nous accompagne au-del\u00e0 ?, interroge-t-il \u00e0 la fin du d\u00e9bat.<\/p>\n<p>J\u2019essaye d\u2019avoir une bonne hygi\u00e8ne de vie (v\u00e9lo, natation, lecture) pour m\u2019\u00e9manciper. L\u2019\u00e9cole apporte un savoir mais elle ne peut pas tout.\u00a0J\u2019ai conscience d\u2019\u00eatre issu d\u2019un milieu favoris\u00e9 et qu\u2019on n\u2019a pas tous les m\u00eames chances.\u00a0\u00bb<\/p>\n<p><strong>Pauline, 35\u00a0ans<\/strong><\/p>\n<p>\u00ab\u00a0Le Pr\u00e9sident a os\u00e9 parler des sujets qui f\u00e2chent : <a href=\"https:\/\/www.laprovence.com\/article\/politique\/3177012572492\/macron-a-marseille-le-president-echange-avec-les-lecteurs-de-la-provence-suivez-notre-direct-video\" target=\"_blank\" rel=\"noopener\">le narcobanditisme et la responsabilit\u00e9 des consommateurs de drogue<\/a>. Il faut mettre des mots sur cette r\u00e9alit\u00e9, sans quoi il n\u2019y aurait pas de trafic\u00a0\u00bb, abonde Pauline, pr\u00e9sidente associative de la Jeune Chambre \u00e9conomique de Salon-de-Provence. Sur la forme, elle se dit \u00ab\u00a0impressionn\u00e9e\u00a0\u00bb par la performance de communication, \u00e9voquant le moment o\u00f9 le Pr\u00e9sident a employ\u00e9 le terme \u00ab\u00a0fada\u00a0\u00bb, \u00ab\u00a0l\u00e2ch\u00e9 avec un tel naturel\u00a0\u00bb. En revanche, la trentenaire a trouv\u00e9 l\u2019exercice \u00ab\u00a0pr\u00e9par\u00e9\u00a0\u00bb\u00a0: \u00ab\u00a0Il y av&#8230;<\/p>\n","protected":false},"excerpt":{"rendered":"Barth\u00e9l\u00e9my, 15\u00a0ans \u00ab\u00a0J\u2019ai trouv\u00e9 le Pr\u00e9sident p\u00e9dagogue et transparent. Je retiens qu\u2019il reste encore beaucoup \u00e0 faire, r\u00e9sume&hellip;\n","protected":false},"author":2,"featured_media":604568,"comment_status":"","ping_status":"","sticky":false,"template":"","format":"standard","meta":{"footnotes":""},"categories":[2814],"tags":[17,1111,11,154,1777,674,71638,1011,27,3707,884,12,55980,17483,882,3583,25,104,16284],"class_list":{"0":"post-604567","1":"post","2":"type-post","3":"status-publish","4":"format-standard","5":"has-post-thumbnail","7":"category-marseille","8":"tag-17","9":"tag-actu","10":"tag-actualites","11":"tag-des","12":"tag-eu","13":"tag-europe","14":"tag-fachent","15":"tag-fr","16":"tag-france","17":"tag-il","18":"tag-marseille","19":"tag-news","20":"tag-ose","21":"tag-parler","22":"tag-provence-alpes-cote-dazur","23":"tag-qui","24":"tag-republique-francaise","25":"tag-societe","26":"tag-sujets"},"share_on_mastodon":{"url":"https:\/\/pubeurope.com\/@fr\/115733382100645784","error":""},"_links":{"self":[{"href":"https:\/\/www.europesays.com\/fr\/wp-json\/wp\/v2\/posts\/604567","targetHints":{"allow":["GET"]}}],"collection":[{"href":"https:\/\/www.europesays.com\/fr\/wp-json\/wp\/v2\/posts"}],"about":[{"href":"https:\/\/www.europesays.com\/fr\/wp-json\/wp\/v2\/types\/post"}],"author":[{"embeddable":true,"href":"https:\/\/www.europesays.com\/fr\/wp-json\/wp\/v2\/users\/2"}],"replies":[{"embeddable":true,"href":"https:\/\/www.europesays.com\/fr\/wp-json\/wp\/v2\/comments?post=604567"}],"version-history":[{"count":0,"href":"https:\/\/www.europesays.com\/fr\/wp-json\/wp\/v2\/posts\/604567\/revisions"}],"wp:featuredmedia":[{"embeddable":true,"href":"https:\/\/www.europesays.com\/fr\/wp-json\/wp\/v2\/media\/604568"}],"wp:attachment":[{"href":"https:\/\/www.europesays.com\/fr\/wp-json\/wp\/v2\/media?parent=604567"}],"wp:term":[{"taxonomy":"category","embeddable":true,"href":"https:\/\/www.europesays.com\/fr\/wp-json\/wp\/v2\/categories?post=604567"},{"taxonomy":"post_tag","embeddable":true,"href":"https:\/\/www.europesays.com\/fr\/wp-json\/wp\/v2\/tags?post=604567"}],"curies":[{"name":"wp","href":"https:\/\/api.w.org\/{rel}","templated":true}]}}