{"id":604575,"date":"2025-12-17T06:05:15","date_gmt":"2025-12-17T06:05:15","guid":{"rendered":"https:\/\/www.europesays.com\/fr\/604575\/"},"modified":"2025-12-17T06:05:15","modified_gmt":"2025-12-17T06:05:15","slug":"a-bourg-en-bresse-elus-lr-et-cadres-de-reconquete-experimentent-lunion-des-droites-aux-municipales","status":"publish","type":"post","link":"https:\/\/www.europesays.com\/fr\/604575\/","title":{"rendered":"\u00e0 Bourg-en-Bresse, \u00e9lus LR et cadres de Reconqu\u00eate exp\u00e9rimentent l&rsquo;union des droites aux municipales"},"content":{"rendered":"<p>Sous le march\u00e9 couvert de Bourg-en-Bresse, les volailles sont d\u00e9licatement enrubann\u00e9es. Sur un \u00e9tal, poulardes et chapons sont attach\u00e9s, deux par deux. \u00ab\u00a0Ca, c&rsquo;est ma cat\u00e9gorie pr\u00e9f\u00e9r\u00e9e\u00a0: le mariage\u00a0!\u00a0\u00bb Beno\u00eet de Boysson \u00e9coute en souriant les explications du jury du concours de volailles AOP. Mais c&rsquo;est une autre alliance qui fait les gros titres. Cet avocat de 43\u00a0ans, membre du bureau national de Reconqu\u00eate, esp\u00e8re ravir la mairie \u00e0 la gauche avec <a href=\"https:\/\/france3-regions.franceinfo.fr\/auvergne-rhone-alpes\/ain\/bourg-bresse\/municipales-2026-on-ne-sollicite-aucune-investiture-une-liste-d-union-des-droites-menee-par-un-zemmouriste-a-bourg-en-bresse-3245713.html\" target=\"_blank\" rel=\"noopener\" data-tooltip-url=\"https:\/\/france3-regions.franceinfo.fr\/auvergne-rhone-alpes\/ain\/bourg-bresse\/municipales-2026-on-ne-sollicite-aucune-investiture-une-liste-d-union-des-droites-menee-par-un-zemmouriste-a-bourg-en-bresse-3245713.html\">une liste de \u00ab\u00a0droite unie\u00a0\u00bb<\/a> dont la composition a secou\u00e9 jusqu&rsquo;aux si\u00e8ges parisiens des partis. <\/p>\n<p>A ses c\u00f4t\u00e9s, plusieurs membres des R\u00e9publicains, comme Pierre Lurin, vice-pr\u00e9sident du conseil d\u00e9partemental de l&rsquo;Ain, et Marie-Jo Bardet, conseill\u00e8re municipale d&rsquo;opposition. On retrouve aussi Jacques Fr\u00e9n\u00e9at, adh\u00e9rent de Nouvelle Energie, le parti fond\u00e9 par David Lisnard, le maire LR de Cannes.\u00a0<\/p>\n<p>Cet alliage in\u00e9dit, qualifi\u00e9 de \u00ab\u00a0naufrage politique\u00a0\u00bb <a href=\"https:\/\/x.com\/faureolivier\/status\/1985391060550287785\" rel=\"noopener noreferrer nofollow\" data-tooltip-url=\"https:\/\/x.com\/faureolivier\/status\/1985391060550287785\">par Olivier Faure<\/a>, le patron du Parti socialiste, met l&rsquo;\u00e9tat-major de LR dans l&#8217;embarras. Entre les \u00e9tals du march\u00e9 couvert, Beno\u00eet de Boysson et ses colistiers \u00e9vacuent les critiques \u00ab\u00a0de Paris\u00a0\u00bb. \u00ab\u00a0Il faut faire pr\u00e9valoir l&rsquo;intelligence de terrain. J&rsquo;appelle les partis \u00e0 nous faire confiance\u00a0: ce sera une exp\u00e9rimentation sans doute tr\u00e8s instructive, et signe d&rsquo;espoir en cas de succ\u00e8s\u00a0\u00bb, assure le cadre du parti fond\u00e9 par Eric Zemmour.<\/p>\n<p>Depuis des mois, ces militants de LR et Reconqu\u00eate se sont r\u00e9unis sous la banni\u00e8re Bourg Ambition pour plancher sur cette candidature d&rsquo;union des droites. \u00ab\u00a0On se conna\u00eet, on est amis, et on a un projet ouvertement de droite pour Bourg-en-Bresse\u00a0\u00bb, d\u00e9fend Jacques Fr\u00e9n\u00e9at, bient\u00f4t retrait\u00e9. Et tant pis si son choix lui a valu quelques coups de fil assez remont\u00e9s de la part des cadres de Nouvelle Energie, dont il reste adh\u00e9rent.<\/p>\n<p>    <img loading=\"lazy\" decoding=\"async\" class=\"cms-media-image lazyload\" alt=\"Beno\u00eet de Boysson (en manteau beige), candidat aux \u00e9lections municipales de Bourg-en-Bresse et cadre Reconqu\u00eate, avec ses colistiers et l'entrepreneur Christophe Feillens (en orange), au march\u00e9 couvert, le 12 d\u00e9cembre 2025. (LAURE COMETTI \/ FRANCEINFO)\" width=\"720\" height=\"405\" data- src=\"https:\/\/www.europesays.com\/fr\/wp-content\/uploads\/2025\/12\/704a1235-69413744bee12221100488.jpg\"\/><\/p>\n<p>      Beno\u00eet de Boysson (en manteau beige), candidat aux \u00e9lections municipales de Bourg-en-Bresse et cadre Reconqu\u00eate, avec ses colistiers et l&rsquo;entrepreneur Christophe Feillens (en orange), au march\u00e9 couvert, le 12 d\u00e9cembre 2025. (LAURE COMETTI \/ FRANCEINFO)<\/p>\n<p>\u00ab\u00a0Quand je vois les r\u00e9actions que notre initiative suscite, j&rsquo;ai encore plus envie de m&rsquo;impliquer dans cette campagne\u00a0\u00bb, sourit malicieusement Pierre Lurin, fid\u00e8le aux R\u00e9publicains depuis ses d\u00e9buts au RPR en 1986. \u00ab\u00a0On a eu des remarques, mais on en a de moins en moins. Ceux qui nous disent qu&rsquo;on s&rsquo;allie avec les extr\u00eames, je leur dis d&rsquo;attendre le projet\u00a0\u00bb, t\u00e9moigne Franck Lengrand, un autre colistier LR. Ils en distillent d\u00e9j\u00e0 quelques bribes dans un premier tract consacr\u00e9 au dynamisme \u00e9conomique de la pr\u00e9fecture de 42\u00a0000\u00a0habitants, qu&rsquo;ils s&rsquo;inqui\u00e8tent de voir \u00ab\u00a0d\u00e9cliner\u00a0\u00bb et se \u00ab\u00a0paup\u00e9riser\u00a0\u00bb.<\/p>\n<p>Le sujet de l&rsquo;attractivit\u00e9 de la ville est suffisamment consensuel pour susciter l&rsquo;int\u00e9r\u00eat des Burgiens sur le march\u00e9 de No\u00ebl. \u00ab\u00a0L&rsquo;union des droites, je ne suis pas contre, car en ce moment on tourne en rond, tout est bloqu\u00e9\u00a0\u00bb, dit Gis\u00e8le, 45\u00a0ans, qui a d\u00e9j\u00e0 vot\u00e9 pour LR et pour le Rassemblement national. Jean-Pierre, retrait\u00e9, voit lui aussi cette alliance d&rsquo;un bon \u0153il, tant qu&rsquo;il est question \u00ab\u00a0d&rsquo;ordre et de ne pas avoir d&rsquo;endettement\u00a0\u00bb sur la commune.<\/p>\n<p>    <img decoding=\"async\" class=\"cms-media-image lazyload\" alt=\"Le tract distribu\u00e9 par l'\u00e9quipe de Bourg Ambition, men\u00e9e par Beno\u00eet de Boysson, sur le march\u00e9 de No\u00ebl de Bourg-en-Bresse, le 12 d\u00e9cembre 2025. (LAURE COMETTI \/ FRANCEINFO)\" width=\"720\" height=\"405.06834454328\" data- src=\"https:\/\/www.europesays.com\/fr\/wp-content\/uploads\/2025\/12\/704a1245-bis-694138ed6b95b411168650.jpg\"\/><\/p>\n<p>      Le tract distribu\u00e9 par l&rsquo;\u00e9quipe de Bourg Ambition, men\u00e9e par Beno\u00eet de Boysson, sur le march\u00e9 de No\u00ebl de Bourg-en-Bresse, le 12 d\u00e9cembre 2025. (LAURE COMETTI \/ FRANCEINFO)<\/p>\n<p>Sur les tracts, aucun logo ni indice de cette alliance, si ce n&rsquo;est la mention \u00ab\u00a0droite unie\u00a0\u00bb. \u00ab\u00a0Nous n&rsquo;avons sollicit\u00e9 aucune investiture\u00a0\u00bb, souligne Beno\u00eet de Boysson, qui revendique une liste sans \u00e9tiquette tout en \u00e9tant \u00e9lu au bureau national du parti d&rsquo;Eric Zemmour. Il b\u00e9n\u00e9ficie d&rsquo;ailleurs du soutien de Reconqu\u00eate, qui lui apporte un accompagnement logistique et humain \u00e0 travers sa cellule d\u00e9di\u00e9e aux municipales.<\/p>\n<p>Au si\u00e8ge du parti, le cas burgien enthousiasme. \u00ab\u00a0Eric Zemmour a toujours appel\u00e9 \u00e0 couper le cordon sanitaire entre LR et le RN. Les municipales sont l&rsquo;occasion soit de faire des listes d&rsquo;union, soit de forcer un peu les choses d&rsquo;un point de vue local, en contournant la rigidit\u00e9 affich\u00e9e par d&rsquo;autres partis de droite\u00a0\u00bb, th\u00e9orise Thomas Culerrier, en charge des \u00e9lections chez Reconqu\u00eate. \u00ab\u00a0Ca va \u00eatre un beau laboratoire, pour voir si les \u00e9lecteurs sont sensibles \u00e0 cette union des droites qui place l&rsquo;int\u00e9r\u00eat de la ville avant celui des partis.\u00a0\u00bb<\/p>\n<p>Beno\u00eet de Boysson y voit aussi un test de port\u00e9e nationale. \u00ab\u00a0L&rsquo;union de la droite est in\u00e9luctable, n\u00e9cessaire et attendue par l&rsquo;immense majorit\u00e9 des \u00e9lecteurs, on le voit dans les sondages.\u00a0\u00bb<\/p>\n<blockquote class=\"ftvi_content_quote\">\n<p class=\"ftvi_citation_quote\">\u00ab\u00a0Les partis ont beau r\u00e9sister, c&rsquo;est ce qui va advenir.\u00a0\u00bb<\/p>\n<p>Beno\u00eet de Boysson, cadre de Renaissance et t\u00eate de la liste Bourg Ambition<\/p>\n<p class=\"ftvi_citation_source\">\u00e0 franceinfo<\/p>\n<\/blockquote>\n<p>Son alliance se heurte toutefois \u00e0 deux obstacles\u00a0: le RN n&rsquo;a pas souhait\u00e9 y participer, et LR refuse de la soutenir officiellement. Apr\u00e8s \u00ab\u00a0quelques contacts\u00a0\u00bb, le d\u00e9put\u00e9 RN J\u00e9r\u00f4me Buisson a finalement \u00e9cart\u00e9 toute participation, car le parti de Marine Le Pen pr\u00e9f\u00e8re pr\u00e9senter une liste sous son \u00e9tiquette. \u00ab\u00a0Ce n&rsquo;est pas un mariage, c&rsquo;est plut\u00f4t un Pacs\u00a0! Et c&rsquo;est d\u00e9j\u00e0 rat\u00e9, car faire l&rsquo;union des droites sans le premier parti de France, c&rsquo;est riquiqui, \u00e7a ne marche pas\u00a0\u00bb, tacle le parlementaire lep\u00e9niste, qui avait r\u00e9colt\u00e9 8,73%\u00a0des voix au <a href=\"https:\/\/www.franceinfo.fr\/elections\/municipales\/resultats\/2020\/ain_01\/bourg-en-bresse_01000\" target=\"_self\" rel=\"noopener noreferrer nofollow\" data-tooltip-url=\"https:\/\/www.franceinfo.fr\/elections\/municipales\/resultats\/2020\/ain_01\/bourg-en-bresse_01000\">premier tour des municipales de 2020<\/a>.\u00a0Il n&rsquo;exclut cependant pas <a href=\"https:\/\/www.franceinfo.fr\/elections\/municipales\/municipales-2026-le-rn-pourrait-conclure-des-alliances-avec-d-autres-partis-au-second-tour-affirme-jordan-bardella_7620161.html\" target=\"_self\" rel=\"noopener noreferrer nofollow\" data-tooltip-url=\"https:\/\/www.franceinfo.fr\/elections\/municipales\/municipales-2026-le-rn-pourrait-conclure-des-alliances-avec-d-autres-partis-au-second-tour-affirme-jordan-bardella_7620161.html\">une possible alliance au second tour<\/a>.<\/p>\n<p>Les R\u00e9publicains ont de nouveau affich\u00e9 leurs divisions internes sur cette question. Lors d&rsquo;une r\u00e9union de l&rsquo;\u00e9tat-major du parti, mi-novembre, plusieurs t\u00e9nors ont appel\u00e9 Bruno Retailleau \u00e0 rejeter explicitement l&rsquo;union des droites et \u00e0 pr\u00e9senter une liste estampill\u00e9e LR \u00e0 Bourg-en-Bresse. Mais le pr\u00e9sident du parti, favorable \u00e0 une union \u00ab\u00a0dans les urnes\u00a0\u00bb, a temporis\u00e9. \u00ab\u00a0Je constate qu&rsquo;on suspend des ministres LR parce qu&rsquo;ils sont entr\u00e9s au gouvernement, mais qu&rsquo;on ne sanctionne pas des gens qui font alliance avec l&rsquo;extr\u00eame droite\u00a0\u00bb, l\u00e2che Aurane Reihanian, conseiller municipal d&rsquo;opposition. Sa liste LR avait obtenu 20,61% des suffrages en 2020, et il se serait bien vu rempiler.<\/p>\n<p>Apr\u00e8s avoir tent\u00e9 de convaincre Pierre Lurin de prendre la t\u00eate de la liste \u00e0 la place de Beno\u00eet de Boysson, Bruno Retailleau a fini par renoncer \u00e0 pr\u00e9senter une candidature LR concurrente. \u00ab\u00a0On n&rsquo;investira personne\u00a0\u00bb, explique l&rsquo;entourage de l&rsquo;ancien ministre de l&rsquo;Int\u00e9rieur. \u00ab\u00a0On sait que Beno\u00eet de Boysson est Reconqu\u00eate, mais s&rsquo;il a r\u00e9ussi \u00e0 embarquer des LR avec lui, c&rsquo;est que ce n&rsquo;est pas un fou furieux\u00a0\u00bb, avance-t-on, au nom du \u00ab\u00a0pragmatisme\u00a0\u00bb.<\/p>\n<p>Le cas de Bourg-en-Bresse ne passe pas inaper\u00e7u \u00e0 Paris, alors que Laurent Wauquiez plaide <a href=\"https:\/\/www.franceinfo.fr\/elections\/presidentielle\/il-y-a-autant-de-scenarios-que-de-chapeaux-a-plumes-les-republicains-face-au-defi-d-organiser-une-primaire-pour-la-presidentielle-de-2027_7597049.html\" target=\"_self\" rel=\"noopener noreferrer nofollow\" data-tooltip-url=\"https:\/\/www.franceinfo.fr\/elections\/presidentielle\/il-y-a-autant-de-scenarios-que-de-chapeaux-a-plumes-les-republicains-face-au-defi-d-organiser-une-primaire-pour-la-presidentielle-de-2027_7597049.html\">pour une primaire pr\u00e9sidentielle<\/a> allant de l&rsquo;eurod\u00e9put\u00e9e Reconqu\u00eate Sarah Knafo au ministre macroniste G\u00e9rald Darmanin. Signe que la situation est d\u00e9licate, les militants LR n&rsquo;ont pas re\u00e7u de consigne. \u00ab\u00a0Il n&rsquo;y aura pas de mot d&rsquo;ordre, les jeunes qui le souhaitent pourront se mobiliser et soutenir individuellement la liste de leur choix\u00a0\u00bb, explique Emile Vernoux, responsable d\u00e9partemental des jeunes LR.<\/p>\n<p>Un autre candidat esp\u00e8re en effet incarner l&rsquo;alternance de droite pour ce scrutin\u00a0: le conseiller municipal d&rsquo;opposition Christophe Coquelet. Soutenu par Horizons, le MoDem, Renaissance et le Parti radical, il a sollicit\u00e9 Bruno Retailleau en novembre pour obtenir le soutien de la droite, en vain. \u00ab\u00a0La liste Bourg Ambition n&rsquo;a aucun soutien officiel des partis, mais les partis ne disent rien\u2026 C&rsquo;est le silence des pantoufles, \u00e7a veut tout dire\u00a0!\u00a0\u00bb, lance-t-il au sujet de LR.\u00a0<\/p>\n<p>    <img loading=\"lazy\" decoding=\"async\" class=\"cms-media-image lazyload\" alt=\"Christophe Coquelet, candidat aux \u00e9lections municipales de Bourg-en-Bresse \u00e0 la t\u00eate d'une liste soutenue par Horizons, Renaissance, le MoDem et le Parti radical, au march\u00e9 couvert de la ville, le 12 d\u00e9cembre 2025. (LAURE COMETTI \/ FRANCEINFO)\" width=\"720\" height=\"405\" data- src=\"https:\/\/www.europesays.com\/fr\/wp-content\/uploads\/2025\/12\/704a1232-6941378b7b2c0038445282.jpg\"\/><\/p>\n<p>      Christophe Coquelet, candidat aux \u00e9lections municipales de Bourg-en-Bresse \u00e0 la t\u00eate d&rsquo;une liste soutenue par Horizons, Renaissance, le MoDem et le Parti radical, au march\u00e9 couvert de la ville, le 12 d\u00e9cembre 2025. (LAURE COMETTI \/ FRANCEINFO)<\/p>\n<p>Les oppositions burgiennes ont beau se pr\u00e9senter \u00e9parpill\u00e9es \u00e0 l&rsquo;\u00e9lection de mars, quand on les interroge, elles attaquent toutes le maire sortant sur les m\u00eames sujets. Une \u00ab\u00a0routine\u00a0\u00bb dans la gestion de la commune (il est \u00e9lu \u2013 \u00e0 chaque fois d\u00e8s le premier tour \u2013 depuis 2008), une offre de pistes cyclables qui serait surdimensionn\u00e9e, des logements sociaux trop nombreux et une ins\u00e9curit\u00e9 qui serait en hausse. \u00ab\u00a0Le sujet local sera tranch\u00e9 par les \u00e9lecteurs\u00a0\u00bb, r\u00e9pond le socialiste Jean-Fran\u00e7ois Debat, sur son v\u00e9lo. \u00ab\u00a0Mais le fait que les LR pr\u00e9f\u00e8rent \u00eatre derri\u00e8re Eric Zemmour dit quelque chose sur le point de bascule auquel est parvenue la droite\u00a0\u00bb. <\/p>\n<blockquote class=\"ftvi_content_quote\">\n<p class=\"ftvi_citation_quote\">\u00ab\u00a0Par son silence, LR cautionne le fait que les h\u00e9ritiers de de Gaulle deviennent les valets des h\u00e9ritiers du mar\u00e9chal P\u00e9tain\u00a0\u00bb.<\/p>\n<p>Jean-Fran\u00e7ois Debat, maire PS de Bourg-en-Bresse<\/p>\n<p class=\"ftvi_citation_source\">\u00e0 franceinfo<\/p>\n<\/blockquote>\n<p>Des \u00ab\u00a0anath\u00e8mes qui remontent \u00e0 quatre-vingts\u00a0ans, vides de sens\u00a0\u00bb, balaie Beno\u00eet de Boysson. Mais pour certains \u00e9lecteurs burgiens, c&rsquo;est un nom bien actuel qui semble agir comme repoussoir, m\u00eame s&rsquo;il ne figure pas sur les tracts distribu\u00e9s par le candidat. Sarah, 22\u00a0ans, et sa m\u00e8re Fatima \u00e9changent quelques minutes avec le candidat, partageant son avis sur la hausse de l&rsquo;ins\u00e9curit\u00e9. Lorsqu&rsquo;elles d\u00e9couvrent que la liste est soutenue par le parti d&rsquo;Eric Zemmour, elles se raidissent. \u00ab\u00a0On essaie de ne pas aller vers les extr\u00eames\u00a0\u00bb, dit Sarah. \u00ab\u00a0Reconqu\u00eate, ce n&rsquo;est pas mon truc\u00a0\u00bb, souffle Fran\u00e7oise, retrait\u00e9e du secteur bancaire et \u00e9lectrice de droite, devant les petits chalets de bois. Il reste encore du chemin pour convaincre les \u00e9lecteurs du bien-fond\u00e9 de ce mariage municipal.<\/p>\n","protected":false},"excerpt":{"rendered":"Sous le march\u00e9 couvert de Bourg-en-Bresse, les volailles sont d\u00e9licatement enrubann\u00e9es. Sur un \u00e9tal, poulardes et chapons sont&hellip;\n","protected":false},"author":2,"featured_media":604576,"comment_status":"","ping_status":"","sticky":false,"template":"","format":"standard","meta":{"footnotes":""},"categories":[1888],"tags":[1111,1928,11,1927,1777,674,1011,27,12,1926,626,1925,25],"class_list":{"0":"post-604575","1":"post","2":"type-post","3":"status-publish","4":"format-standard","5":"has-post-thumbnail","7":"category-paris","8":"tag-actu","9":"tag-actu-paris","10":"tag-actualites","11":"tag-actualites-paris","12":"tag-eu","13":"tag-europe","14":"tag-fr","15":"tag-france","16":"tag-news","17":"tag-news-paris","18":"tag-paris","19":"tag-paris-news","20":"tag-republique-francaise"},"share_on_mastodon":{"url":"https:\/\/pubeurope.com\/@fr\/115733406460932759","error":""},"_links":{"self":[{"href":"https:\/\/www.europesays.com\/fr\/wp-json\/wp\/v2\/posts\/604575","targetHints":{"allow":["GET"]}}],"collection":[{"href":"https:\/\/www.europesays.com\/fr\/wp-json\/wp\/v2\/posts"}],"about":[{"href":"https:\/\/www.europesays.com\/fr\/wp-json\/wp\/v2\/types\/post"}],"author":[{"embeddable":true,"href":"https:\/\/www.europesays.com\/fr\/wp-json\/wp\/v2\/users\/2"}],"replies":[{"embeddable":true,"href":"https:\/\/www.europesays.com\/fr\/wp-json\/wp\/v2\/comments?post=604575"}],"version-history":[{"count":0,"href":"https:\/\/www.europesays.com\/fr\/wp-json\/wp\/v2\/posts\/604575\/revisions"}],"wp:featuredmedia":[{"embeddable":true,"href":"https:\/\/www.europesays.com\/fr\/wp-json\/wp\/v2\/media\/604576"}],"wp:attachment":[{"href":"https:\/\/www.europesays.com\/fr\/wp-json\/wp\/v2\/media?parent=604575"}],"wp:term":[{"taxonomy":"category","embeddable":true,"href":"https:\/\/www.europesays.com\/fr\/wp-json\/wp\/v2\/categories?post=604575"},{"taxonomy":"post_tag","embeddable":true,"href":"https:\/\/www.europesays.com\/fr\/wp-json\/wp\/v2\/tags?post=604575"}],"curies":[{"name":"wp","href":"https:\/\/api.w.org\/{rel}","templated":true}]}}