{"id":604578,"date":"2025-12-17T06:07:11","date_gmt":"2025-12-17T06:07:11","guid":{"rendered":"https:\/\/www.europesays.com\/fr\/604578\/"},"modified":"2025-12-17T06:07:11","modified_gmt":"2025-12-17T06:07:11","slug":"ponctualite-frequence-des-rames-incidents-notre-barometre-exclusif-des-lignes-du-metro-parisien-en-2025","status":"publish","type":"post","link":"https:\/\/www.europesays.com\/fr\/604578\/","title":{"rendered":"Ponctualit\u00e9, fr\u00e9quence des rames, incidents\u2026 Notre barom\u00e8tre exclusif des lignes du m\u00e9tro parisien en 2025"},"content":{"rendered":"<p class=\"\">Qu\u2019en est-il r\u00e9ellement ? Le Parisien a pass\u00e9 au crible l\u2019\u00e9tat du r\u00e9seau. Nous avons r\u00e9cup\u00e9r\u00e9 les donn\u00e9es de fr\u00e9quence des rames sur des stations situ\u00e9es au centre des quatorze lignes de m\u00e9tro (hors 3 bis et 7 bis) en novembre 2024 et en novembre 2025. Ces donn\u00e9es ont \u00e9t\u00e9 analys\u00e9es en semaine, aux heures de pointe (de 7h30 \u00e0 9h30 et de 16h30 \u00e0 19h30), sauf jours entiers de travaux pr\u00e9vus et 11 novembre, f\u00e9ri\u00e9 (en raison de remont\u00e9es de donn\u00e9es incompl\u00e8tes et de travaux, nous n\u2019avons pu prendre en compte que deux jours de novembre 2025 pour la ligne 12. Pour les lignes 11, 13 et 14, seules les trois premi\u00e8res semaines de novembre 2025 ont \u00e9t\u00e9 comptabilis\u00e9es).<\/p>\n","protected":false},"excerpt":{"rendered":"Qu\u2019en est-il r\u00e9ellement ? Le Parisien a pass\u00e9 au crible l\u2019\u00e9tat du r\u00e9seau. Nous avons r\u00e9cup\u00e9r\u00e9 les donn\u00e9es&hellip;\n","protected":false},"author":2,"featured_media":604579,"comment_status":"","ping_status":"","sticky":false,"template":"","format":"standard","meta":{"footnotes":""},"categories":[1888],"tags":[11,1777,674,1011,27,1944,12,626,25,2382],"class_list":{"0":"post-604578","1":"post","2":"type-post","3":"status-publish","4":"format-standard","5":"has-post-thumbnail","7":"category-paris","8":"tag-actualites","9":"tag-eu","10":"tag-europe","11":"tag-fr","12":"tag-france","13":"tag-ma-ville","14":"tag-news","15":"tag-paris","16":"tag-republique-francaise","17":"tag-transport-idf-oise"},"share_on_mastodon":{"url":"https:\/\/pubeurope.com\/@fr\/115733413508174476","error":""},"_links":{"self":[{"href":"https:\/\/www.europesays.com\/fr\/wp-json\/wp\/v2\/posts\/604578","targetHints":{"allow":["GET"]}}],"collection":[{"href":"https:\/\/www.europesays.com\/fr\/wp-json\/wp\/v2\/posts"}],"about":[{"href":"https:\/\/www.europesays.com\/fr\/wp-json\/wp\/v2\/types\/post"}],"author":[{"embeddable":true,"href":"https:\/\/www.europesays.com\/fr\/wp-json\/wp\/v2\/users\/2"}],"replies":[{"embeddable":true,"href":"https:\/\/www.europesays.com\/fr\/wp-json\/wp\/v2\/comments?post=604578"}],"version-history":[{"count":0,"href":"https:\/\/www.europesays.com\/fr\/wp-json\/wp\/v2\/posts\/604578\/revisions"}],"wp:featuredmedia":[{"embeddable":true,"href":"https:\/\/www.europesays.com\/fr\/wp-json\/wp\/v2\/media\/604579"}],"wp:attachment":[{"href":"https:\/\/www.europesays.com\/fr\/wp-json\/wp\/v2\/media?parent=604578"}],"wp:term":[{"taxonomy":"category","embeddable":true,"href":"https:\/\/www.europesays.com\/fr\/wp-json\/wp\/v2\/categories?post=604578"},{"taxonomy":"post_tag","embeddable":true,"href":"https:\/\/www.europesays.com\/fr\/wp-json\/wp\/v2\/tags?post=604578"}],"curies":[{"name":"wp","href":"https:\/\/api.w.org\/{rel}","templated":true}]}}