{"id":604582,"date":"2025-12-17T06:09:14","date_gmt":"2025-12-17T06:09:14","guid":{"rendered":"https:\/\/www.europesays.com\/fr\/604582\/"},"modified":"2025-12-17T06:09:14","modified_gmt":"2025-12-17T06:09:14","slug":"joseph-henrotin-voila-la-russie-ne-peut-pas-gagner","status":"publish","type":"post","link":"https:\/\/www.europesays.com\/fr\/604582\/","title":{"rendered":"Joseph Henrotin\u00a0: \u00ab\u00a0Voil\u00e0&#8230; La Russie ne peut pas gagner\u00a0\u00bb"},"content":{"rendered":"<p class=\"ap-StoryElement ap-StoryElement--mb ap-StoryText\"><b>Bart De Wever se trompe-t-il lorsqu&rsquo;il dit que la Russie ne peut pas<\/b> <b>\u00ab\u00a0perdre\u00a0\u00bb ?<\/b><\/p>\n<p class=\"ap-StoryElement ap-StoryElement--mb ap-StoryText\">On ne conna\u00eet pas r\u00e9ellement, ni c\u00f4t\u00e9 russe ni c\u00f4t\u00e9 ukrainien, ce que j&rsquo;appelle la th\u00e9orie de la victoire. C&rsquo;est ce que chaque \u00c9tat d\u00e9finit comme \u00e9tant \u00ab\u00a0gagner\u00a0\u00bb la guerre. On peut supposer, dans les deux cas, qu&rsquo;il existe une version maximale et une version minimale. C\u00f4t\u00e9 russe, la victoire maximale serait la conqu\u00eate totale de l&rsquo;Ukraine. Un sc\u00e9nario tr\u00e8s peu cr\u00e9dible. C\u00f4t\u00e9 ukrainien, la victoire maximale serait la reconqu\u00eate de 100 % du territoire, y compris la Crim\u00e9e. L\u00e0 non plus, ce n&rsquo;est pas envisageable \u00e0 moyen terme.<\/p>\n<blockquote class=\"ap-StoryQuote ap-StoryQuote--pullquote\"><p>guillement<\/p>\n<p class=\"ap-StoryQuote-text\">Autant je rejoins Bart De Wever sur l&rsquo;aspect Euroclear, autant l&rsquo;analyse qu&rsquo;il fait sur la victoire ou la d\u00e9faite de la Russie est probl\u00e9matique.<\/p>\n<\/blockquote>\n<p class=\"ap-StoryElement ap-StoryElement--mb ap-StoryText\">Si l&rsquo;on passe aux objectifs \u00ab\u00a0minimaux\u00a0\u00bb, pour la Russie, ce serait la prise compl\u00e8te des cinq oblasts qu&rsquo;elle a annex\u00e9s en 2022. Or, quand on regarde les cartes, on constate qu&rsquo;elle ne contr\u00f4le que partiellement ces territoires. Cela montre bien qu&rsquo;on en est loin. C\u00f4t\u00e9 ukrainien, la victoire minimale consisterait \u00e0 d\u00e9montrer que la Russie est incapable d&rsquo;atteindre ses objectifs. C&rsquo;est ce qu&rsquo;on appelle un but n\u00e9gatif. De ce point de vue, les propos de Bart De Wever partent mal\u2026<\/p>\n<p class=\"ap-StoryElement ap-StoryElement--mb ap-StoryText\"><b>Il ne dit pas forc\u00e9ment que la Russie va gagner, mais qu&rsquo;elle ne va pas perdre et qu&rsquo;il faudra, de toute fa\u00e7on, n\u00e9gocier s&rsquo;il y a une forme de confiscation de ses biens\u2026<\/b><\/p>\n<p class=\"ap-StoryElement ap-StoryElement--mb ap-StoryText\">Si je reprends ses mots, dans l&rsquo;interview publi\u00e9e sur le site de La Libre, il dit en substance : \u00ab\u00a0Qui croit vraiment que la Russie va perdre en Ukraine ? C&rsquo;est une fable, une illusion totale. Ce n&rsquo;est m\u00eame pas souhaitable qu&rsquo;elle perde, et que l&rsquo;instabilit\u00e9 s&rsquo;installe (\u00e7a, de toute fa\u00e7on, elle s&rsquo;installera) dans un pays dot\u00e9 de l&rsquo;arme nucl\u00e9aire\u00a0\u00bb.<\/p>\n<p><a href=\"https:\/\/www.lalibre.be\/economie\/entreprises-startup\/2025\/12\/12\/la-ceo-deuroclear-valerie-urbain-menacee-par-des-agents-russes-toute-menace-est-traitee-avec-le-plus-grand-serieux-XX6PEJNCFRCI3OJHUA3RJHN5ZA\/\" target=\"_self\" class=\"ap-StoryInterstitialLink ap-StoryElement ap-StoryElement--mb\" rel=\"noopener\">La CEO d&rsquo;Euroclear Val\u00e9rie Urbain menac\u00e9e par des agents russes<\/a><\/p>\n<p class=\"ap-StoryElement ap-StoryElement--mb ap-StoryText\">On disait la m\u00eame chose de l&rsquo;Union sovi\u00e9tique en 1991, et \u00e7a n&rsquo;a pas \u00e9t\u00e9 probl\u00e9matique. Autant je rejoins Bart De Wever sur l&rsquo;aspect Euroclear et le fait d&rsquo;\u00eatre prudent sur ces milliards d&rsquo;euros gel\u00e9s (et les risques qui p\u00e8seraient sur la Belgique en cas de d\u00e9gel pour financer l&rsquo;Ukraine, NdlR), autant l&rsquo;analyse qu&rsquo;il fait sur la victoire ou la d\u00e9faite est probl\u00e9matique. \u00c0 mon sens, elle s&rsquo;inscrit dans un triple alignement sur la vision am\u00e9ricaine de la situation : d&rsquo;une part, la croyance qu&rsquo;on peut \u00ab\u00a0g\u00e9rer\u00a0\u00bb l&rsquo;escalade, rester dans un entre-deux o\u00f9 personne ne gagne vraiment, mais o\u00f9 l&rsquo;on continue \u00e0 soutenir l&rsquo;Ukraine tout en r\u00e9duisant la menace russe. D&rsquo;autre part, la croyance au retour au business as usual une fois la guerre termin\u00e9e. Et enfin la minimisation du risque de reprise de la guerre. Alors que certaines positions am\u00e9ricaines de n\u00e9gociation \u2013 on le voit dans ce fameux plan am\u00e9ricain en 28 points \u2013 permettraient \u00e0 la Russie de profiter de la pause pour reconstituer ses forces, puis de reprendre facilement les hostilit\u00e9s. Et dans ce cas-l\u00e0, la guerre n&rsquo;est pas pr\u00e8s d&rsquo;\u00eatre finie.<\/p>\n<blockquote class=\"ap-StoryQuote ap-StoryQuote--pullquote\"><p>guillement<\/p>\n<p class=\"ap-StoryQuote-text\">\u00ab\u00a0Les Ukrainiens sont en train de r\u00e9duire la puissance du principal perturbateur europ\u00e9en.\u00a0\u00bb<\/p>\n<\/blockquote>\n<p class=\"ap-StoryElement ap-StoryElement--mb ap-StoryText\"><b>Ce serait une m\u00eame erreur que lorsque l&rsquo;Europe<\/b><b> a quasiment ferm\u00e9 les yeux<\/b><b> apr\u00e8s la prise de la Crim\u00e9e en 2014 ?<\/b><\/p>\n<p class=\"ap-StoryElement ap-StoryElement--mb ap-StoryText\">Oui. On a ferm\u00e9 les yeux sur une guerre qui, en r\u00e9alit\u00e9, n&rsquo;a d&rsquo;ailleurs jamais vraiment cess\u00e9.<\/p>\n<p class=\"ap-StoryElement ap-StoryElement--mb ap-StoryText\"><b>On se soumet trop \u00e0 la Russie ?<\/b><\/p>\n<p class=\"ap-StoryElement ap-StoryElement--mb ap-StoryText\">Oui. On rentre dans le jeu russe qui consiste \u00e0 dire que la Russie ne peut pas perdre. Elle utilise la subversion, les menaces, y compris nucl\u00e9aires \u2013 m\u00eame si, de notre c\u00f4t\u00e9, nous disposons aussi de la force nucl\u00e9aire \u2013 pour asseoir cet argumentaire. Il y a ici une vraie br\u00e8che avec les positions des autres \u00c9tats europ\u00e9ens, qui soutiennent fermement l&rsquo;Ukraine, \u00e0 l&rsquo;exception de certains leaders europ\u00e9ens qui font leur campagne sur l&rsquo;arr\u00eat du soutien \u00e0 l&rsquo;Ukraine (les leaders tch\u00e8que et slovaque de mani\u00e8re ambig\u00fce, hongrois plus clairement, NdlR.)<\/p>\n<p><a href=\"https:\/\/www.lalibre.be\/international\/europe\/2025\/12\/13\/la-belgique-recoit-lappui-de-trois-pays-dont-litalie-dans-son-opposition-a-lutilisation-des-actifs-russes-immobilises-dans-lue-G2KUELLWTZFITG7N5LVKKDOH4Q\/\" target=\"_self\" class=\"ap-StoryInterstitialLink ap-StoryElement ap-StoryElement--mb\" rel=\"noopener\">La Belgique re\u00e7oit l&rsquo;appui de trois pays, dont l&rsquo;Italie, dans son opposition \u00e0 l&rsquo;utilisation des actifs russes immobilis\u00e9s dans l&rsquo;UE<\/a><\/p>\n<p class=\"ap-StoryElement ap-StoryElement--mb ap-StoryText\"><b>C&rsquo;est un manque de force politique au niveau europ\u00e9en ?<\/b><\/p>\n<p class=\"ap-StoryElement ap-StoryElement--mb ap-StoryText\">Oui. Et il y a une caract\u00e9ristique assez marqu\u00e9e chez les dirigeants belges : ce sont souvent des \u00ab\u00a0gestionnaires\u00a0\u00bb. L&rsquo;homme ou la femme d&rsquo;\u00c9tat sont une esp\u00e8ce rare en Belgique.<\/p>\n<p class=\"ap-StoryElement ap-StoryElement--mb ap-StoryText\"><b>Vous \u00eates dur, non ?<\/b><\/p>\n<p class=\"ap-StoryElement ap-StoryElement--mb ap-StoryText\">Citez-moi un nom\u2026 Est-ce qu&rsquo;on a encore l&rsquo;\u00e9quivalent d&rsquo;un Paul-Henri Spaak aujourd&rsquo;hui ?<\/p>\n<p class=\"ap-StoryElement ap-StoryElement--mb ap-StoryText\"><b>Il y a quand m\u00eame la volont\u00e9 de Bart De Wever de s&rsquo;adresser aux Belges pour le soutenir sur ce dossier des fonds Euroclear, car le danger est tr\u00e8s important\u2026<\/b><\/p>\n<p class=\"ap-StoryElement ap-StoryElement--mb ap-StoryText\">Tout \u00e0 fait. C&rsquo;est une position raisonnable sur les fonds gel\u00e9s. Mais ces phrases qui sortent dans son raisonnement trahissent un positionnement interpellant. On aimerait tous que les guerres s&rsquo;arr\u00eatent, c&rsquo;est un biais humain, mais il faut \u00eatre r\u00e9aliste : les Ukrainiens ne l\u00e2cheront pas l&rsquo;affaire, et les Russes non plus.<\/p>\n<p><img loading=\"lazy\" decoding=\"async\" class=\"w-full lazyload lazyload--opacity object-contain\" style=\"aspect-ratio:150 \/ 100;opacity:1\" alt=\"Belgium's Prime Minister Bart de Wever arrives for a meeting with Britain's Prime Minister Keir Starmer at 10 Downing Street in central London on December 12, 2025. (Photo by Ben STANSALL \/ POOL \/ AFP)\" width=\"768\" height=\"512\" fetchpriority=\"auto\" src=\"https:\/\/www.europesays.com\/fr\/wp-content\/uploads\/2025\/12\/1765951754_589_S5VKD3X55FFF3BW6V4SEHXNP7I.png\"  data- data-optimumx=\"1\"\/>Bart De Wever, lors de sa visite au Royaume-Uni le 12 d\u00e9cembre. Il en appelle \u00e0 une v\u00e9ritable solidarit\u00e9 europ\u00e9enne \u00e0 propos des actifs gel\u00e9s chez Euroclear, en Belgique. \u00a9AFP or Licensors<\/p>\n<p class=\"ap-StoryElement ap-StoryElement--mb ap-StoryText\">Est-ce que De Wever a bien compris que ces deux \u00c9tats sont dans des guerres de n\u00e9cessit\u00e9, de survie, et non dans des guerres de \u00ab\u00a0choix\u00a0\u00bb ? La Belgique, ces trente derni\u00e8res ann\u00e9es, n&rsquo;a connu que des op\u00e9rations de choix, sans int\u00e9r\u00eats nationaux vitaux mis en cause.<\/p>\n<blockquote class=\"ap-StoryQuote ap-StoryQuote--pullquote\"><p>guillement<\/p>\n<p class=\"ap-StoryQuote-text\">\u00ab\u00a0On est dans un rapport de soumission ici\u00a0\u00bb<\/p>\n<\/blockquote>\n<p class=\"ap-StoryElement ap-StoryElement--mb ap-StoryText\"><b>La Russie peut-elle \u00ab\u00a0perdre\u00a0\u00bb tout de m\u00eame, avec toute la nuance que vous \u00e9voquez ?<\/b><\/p>\n<p class=\"ap-StoryElement ap-StoryElement--mb ap-StoryText\">La Russie n&rsquo;a pas atteint ses objectifs minimaux de victoire. Elle n&rsquo;a pas les cinq oblasts. La Grande Guerre patriotique (1941-1945), lorsque les Sovi\u00e9tiques ont fini \u00e0 Berlin, a dur\u00e9 1 418 jours. Ici, le 11 janvier, on sera au m\u00eame stade, soit 1 418 jours de guerre en Ukraine. Avec environ 20 % du territoire pris entre 2014 et 2025. Et il a fallu plus d&rsquo;un an pour faire 50 km, entre Donetsk et Pokrovsk. Voil\u00e0. La Russie ne peut pas gagner.<\/p>\n<p class=\"ap-StoryElement ap-StoryElement--mb ap-StoryText\"><b>Il faut \u00e9tablir un vrai rapport de force avec le pr\u00e9sident russe Poutine\u2026<\/b><\/p>\n<p class=\"ap-StoryElement ap-StoryElement--mb ap-StoryText\">Oui. Mais on est dans un rapport de soumission ici, qui valide le r\u00e9cit russe selon lequel la Russie gagne toujours, ce qui est faux historiquement. L&rsquo;\u00e9conomie russe c\u00e8de d\u00e9j\u00e0. La Russie est en stagflation. Elle a des pertes d\u00e9mographiques importantes, un investissement fortement limit\u00e9, et l&rsquo;industrie de d\u00e9fense russe a des probl\u00e8mes.<\/p>\n<blockquote class=\"ap-StoryQuote ap-StoryQuote--pullquote\"><p>guillement<\/p>\n<p class=\"ap-StoryQuote-text\">\u00ab\u00a0Cela permet de remettre en place l&rsquo;instrument de dissuasion que l&rsquo;on a consciencieusement sap\u00e9 ces trente derni\u00e8res ann\u00e9es.\u00a0\u00bb<\/p>\n<\/blockquote>\n<p class=\"ap-StoryElement ap-StoryElement--mb ap-StoryText\">M\u00eame au niveau \u00e9nerg\u00e9tique, car 30 % de ses capacit\u00e9s de raffinage ont \u00e9t\u00e9 d\u00e9truites (ou r\u00e9duites, NdlR). Elle exporte toujours gaz et p\u00e9trole \u00e0 travers sa flotte fant\u00f4me et r\u00e9ussit \u00e0 contourner les sanctions, mais elle doit interdire en partie les exportations de produits raffin\u00e9s pour prioriser son march\u00e9 int\u00e9rieur.<\/p>\n<p><a href=\"https:\/\/www.lalibre.be\/economie\/conjoncture\/2025\/11\/28\/bart-de-wever-envoie-une-lettre-a-ursula-von-der-leyen-sur-les-actifs-russes-geles-les-consequences-pour-la-belgique-pourraient-etre-desastreuses-6VMNINX2EVBP3GWJYOJXCONRNU\/\" target=\"_self\" class=\"ap-StoryInterstitialLink ap-StoryElement ap-StoryElement--mb\" rel=\"noopener\">\u00ab\u00a0Des cons\u00e9quences d\u00e9sastreuses\u00a0\u00bb : la lettre \u00ab\u00a0forte\u00a0\u00bb de De Wever \u00e0 von der Leyen \u00e0 propos des actifs russes gel\u00e9s chez Euroclear<\/a><\/p>\n<p class=\"ap-StoryElement ap-StoryElement--mb ap-StoryText\"><b>On sent que <\/b><b>certains pays europ\u00e9ens veulent n\u00e9anmoins l\u00e2cher l&rsquo;Ukraine\u2026<\/b><\/p>\n<p class=\"ap-StoryElement ap-StoryElement--mb ap-StoryText\">Pourtant qui voudrait d&rsquo;une Ukraine devenue russe ? Avec les technologies qu&rsquo;elle a d\u00e9velopp\u00e9es, ses ing\u00e9nieurs, ses techniciens, ses soldats ? Strat\u00e9giquement, ce ne serait pas un calcul gagnant pour l&rsquo;Europe. L&rsquo;aide \u00e0 l&rsquo;Ukraine rend service strat\u00e9giquement \u00e0 toute l&rsquo;Europe. Plus la Russie est affaiblie par les forces ukrainiennes, plus nous gagnons du temps pour monter en puissance et r\u00e9duire la probabilit\u00e9 de voir les Russes s&rsquo;en prendre \u00e0 d&rsquo;autres \u00c9tats. Cela permet de remettre en place l&rsquo;instrument de dissuasion que l&rsquo;on a consciencieusement sap\u00e9 ces trente derni\u00e8res ann\u00e9es.<\/p>\n<blockquote class=\"ap-StoryQuote ap-StoryQuote--pullquote\"><p>guillement<\/p>\n<p class=\"ap-StoryQuote-text\">\u00ab\u00a0La mort de l&rsquo;imp\u00e9rialisme russe ne serait pas un probl\u00e8me. Bart De Wever, en historien, le sait.\u00a0\u00bb<\/p>\n<\/blockquote>\n<p class=\"ap-StoryElement ap-StoryElement--mb ap-StoryText\">En appuyant sur le bouton guerre, Poutine a mis sa propre soci\u00e9t\u00e9 et sa propre \u00e9conomie sous pression et a introduit les germes de l&rsquo;instabilit\u00e9 dans son pays. La trace va rester longtemps. Les Ukrainiens sont en train de r\u00e9duire la puissance du principal perturbateur europ\u00e9en. La mort de l&rsquo;imp\u00e9rialisme russe ne serait pas un probl\u00e8me. Ce ne serait pas la premi\u00e8re fois qu&rsquo;un empire meurt d&rsquo;avoir \u00e9t\u00e9 trop gourmand, et Bart De Wever, en historien, le sait.<\/p>\n<p class=\"ap-StoryElement ap-StoryElement--mb ap-StoryText\"><b>Venons-en au r\u00f4le des \u00c9tats-Unis. Est-ce qu&rsquo;ils ne jouent pas un double jeu : affaiblir la Russie, certes, mais aussi maintenir l&rsquo;Europe dans une forme de d\u00e9pendance, notamment industrielle ?<\/b><\/p>\n<p class=\"ap-StoryElement ap-StoryElement--mb ap-StoryText\">C&rsquo;est vrai qu&rsquo;on est dans une situation particuli\u00e8re. Nous, Europ\u00e9ens, via le dispositif PURL (Prioritised Ukraine Requirements List) achetons de l&rsquo;armement pour l&rsquo;Ukraine aux \u00c9tats-Unis, \u00e7a offre \u00e0 Washington un levier de coercition.<\/p>\n<p><a href=\"https:\/\/www.lalibre.be\/belgique\/politique-belge\/2025\/12\/02\/bart-de-wever-dans-la-crise-politique-autour-du-budget-le-roi-ma-aide-5KDD7VZ5YBFRPBDS3GMGGTOOME\/\" target=\"_self\" class=\"ap-StoryInterstitialLink ap-StoryElement ap-StoryElement--mb\" rel=\"noopener\">Bart De Wever : \u00ab\u00a0Moscou nous a fait savoir qu&rsquo;en cas de saisie de ses avoirs, la Belgique et moi allions le sentir passer pour l&rsquo;\u00e9ternit\u00e9&#8230;\u00a0\u00bb<\/a><\/p>\n<p class=\"ap-StoryElement ap-StoryElement--mb ap-StoryText\"><b>Certains estiment qu&rsquo;il faut justement acheter am\u00e9ricain pour ne pas s&rsquo;exposer \u00e0 des probl\u00e8mes\u2026 paradoxalement.<\/b><\/p>\n<p class=\"ap-StoryElement ap-StoryElement--mb ap-StoryText\">Oui. C&rsquo;est un pi\u00e8ge. Si vous n&rsquo;achetez pas am\u00e9ricain, vous poussez les Am\u00e9ricains \u00e0 se d\u00e9sengager. Mais si vous achetez am\u00e9ricain, vous vous retrouvez avec une \u00e9p\u00e9e de Damocl\u00e8s sur la t\u00eate. Cela pourrait \u00eatre un levier de coercition pour forcer l&rsquo;Europe \u00e0 signer la \u00ab\u00a0paix\u00a0\u00bb, m\u00eame dans de mauvaises conditions. <a href=\"https:\/\/www.lalibre.be\/economie\/entreprises-startup\/2025\/07\/11\/f-35-des-retombees-bien-plus-limitees-pour-la-belgique-les-chiffres-avances-sont-gonfles-F44V2NOH35DP5CX72LYEUOPUNI\/\" target=\"_self\" rel=\"noopener\">L&rsquo;exemple typique, c&rsquo;est le F-35<\/a>. Mais ce n&rsquo;est pas le seul.<\/p>\n<p><img loading=\"lazy\" decoding=\"async\" class=\"w-full lazyload lazyload--opacity object-contain\" style=\"aspect-ratio:150 \/ 100;opacity:1\" alt=\"A Lockheed Martin F-35 Lightning II performs a display flight at Al-Maktoum International Airport during the Dubai Airshow 2025 in Dubai on November 17, 2025. (Photo by Giuseppe CACACE \/ AFP)\" width=\"768\" height=\"512\" fetchpriority=\"auto\" src=\"https:\/\/www.europesays.com\/fr\/wp-content\/uploads\/2025\/12\/1765951754_589_S5VKD3X55FFF3BW6V4SEHXNP7I.png\"  data- data-optimumx=\"1\"\/>Le F-35, de Lockheed Martin, a \u00e9t\u00e9 achet\u00e9 en nombre par les pays europ\u00e9ens.  \u00a9AFP or licensors<\/p>\n<p class=\"ap-StoryElement ap-StoryElement--mb ap-StoryText\">Les syst\u00e8mes de commandement et de contr\u00f4le de l&rsquo;Otan sont am\u00e9ricains. Une bonne partie de l&rsquo;input en mati\u00e8re de renseignement est am\u00e9ricaine. Ce n&rsquo;est pas pour rien que le Portugal, la Pologne ou la Finlande se dotent de satellites de renseignement d\u00e9sormais. Il y a une recherche de solutions \u00e0 la possibilit\u00e9 d&rsquo;une d\u00e9fection am\u00e9ricaine.<\/p>\n<p><a href=\"https:\/\/www.lalibre.be\/economie\/conjoncture\/2024\/11\/08\/il-faut-regarder-la-realite-en-face-on-est-completement-a-la-merci-des-etats-unis-et-de-donald-trump-KLZFYX6C7JAPPH3S63SHKJHTPU\/\" target=\"_self\" class=\"ap-StoryInterstitialLink ap-StoryElement ap-StoryElement--mb\" rel=\"noopener\">\u00ab\u00a0Si les USA ne veulent pas que la Belgique fasse d\u00e9coller ses F-35, ils resteront clou\u00e9s au sol. Il faut bien le comprendre\u00a0\u00bb<\/a><\/p>\n<p class=\"ap-StoryElement ap-StoryElement--mb ap-StoryText\"><b>Pour revenir sur Euroclear : pour vous, la solution serait plut\u00f4t de mettre en place une dette commune ?<\/b><\/p>\n<p class=\"ap-StoryElement ap-StoryElement--mb ap-StoryText\">En soi, oui, c&rsquo;est une piste tout \u00e0 fait d\u00e9fendable. Il faut distinguer plusieurs choses. Il y a l&rsquo;id\u00e9e de fournir des moyens \u00e0 l&rsquo;Ukraine pour la reconstruction. Les \u00c9tats europ\u00e9ens ont d\u00e9j\u00e0 prouv\u00e9 qu&rsquo;ils pouvaient mobiliser de l&rsquo;argent lorsqu&rsquo;ils le d\u00e9cident (comme lors du Covid, NdlR). Et celle de punir la Russie pour l&rsquo;agression, en envoyant un message politique clair : \u00ab\u00a0Vous avez cass\u00e9, vous payez\u00a0\u00bb.<\/p>\n<blockquote class=\"ap-StoryQuote ap-StoryQuote--pullquote\"><p>guillement<\/p>\n<p class=\"ap-StoryQuote-text\">\u00ab\u00a0Sans un message fort, ce sera un suicide strat\u00e9gique\u00a0\u00bb<\/p>\n<\/blockquote>\n<p class=\"ap-StoryElement ap-StoryElement--mb ap-StoryText\">L&rsquo;affaire des actifs russes chez Euroclear n&rsquo;est donc pas qu&rsquo;une question technique ou financi\u00e8re ; c&rsquo;est aussi une question de signal politique. Mais certains politiques ont peur du risque financier, de repr\u00e9sailles, alors que la Russie ne respecte pas, de son c\u00f4t\u00e9, plusieurs trait\u00e9s. Il faudra voir comment l&rsquo;Histoire retiendra cette s\u00e9quence.<\/p>\n<p class=\"ap-StoryElement ap-StoryElement--mb ap-StoryText\"><b>Il faudra un message d&rsquo;unit\u00e9 et de persuasion <\/b><a href=\"https:\/\/www.lalibre.be\/international\/europe\/guerre-ukraine-russie\/2025\/12\/12\/les-actifs-russes-immobilises-dans-lunion-europeenne-le-resteront-jusqua-la-fin-de-la-guerre-QCRGTLCW3FGWLP76OTIQOJGZ5U\/\" target=\"_self\" rel=\"noopener\"><b>ce 18 d\u00e9cembre<\/b><\/a> <b>?<\/b><\/p>\n<p class=\"ap-StoryElement ap-StoryElement--mb ap-StoryText\">Tout \u00e0 fait. Aussi bien face \u00e0 la Russie, qui veut fragmenter l&rsquo;Otan, qu&rsquo;aux Am\u00e9ricains, qui veulent fragmenter l&rsquo;Union europ\u00e9enne. Les Europ\u00e9ens n&rsquo;auront pas d&rsquo;autre choix que d&rsquo;adresser un message fort aux Russes et aux Am\u00e9ricains, sinon ce sera un suicide \u00ab\u00a0strat\u00e9gique\u00a0\u00bb.<\/p>\n","protected":false},"excerpt":{"rendered":"Bart De Wever se trompe-t-il lorsqu&rsquo;il dit que la Russie ne peut pas \u00ab\u00a0perdre\u00a0\u00bb ? On ne conna\u00eet&hellip;\n","protected":false},"author":2,"featured_media":604583,"comment_status":"","ping_status":"","sticky":false,"template":"","format":"standard","meta":{"footnotes":""},"categories":[1591],"tags":[11,21332,3057,1887,1227,12,1885,1886,132],"class_list":{"0":"post-604582","1":"post","2":"type-post","3":"status-publish","4":"format-standard","5":"has-post-thumbnail","7":"category-russie","8":"tag-actualites","9":"tag-diplomacy","10":"tag-essential","11":"tag-federation-de-russie","12":"tag-horizontal","13":"tag-news","14":"tag-russia","15":"tag-russian-federation","16":"tag-russie"},"share_on_mastodon":{"url":"https:\/\/pubeurope.com\/@fr\/115733422143274821","error":""},"_links":{"self":[{"href":"https:\/\/www.europesays.com\/fr\/wp-json\/wp\/v2\/posts\/604582","targetHints":{"allow":["GET"]}}],"collection":[{"href":"https:\/\/www.europesays.com\/fr\/wp-json\/wp\/v2\/posts"}],"about":[{"href":"https:\/\/www.europesays.com\/fr\/wp-json\/wp\/v2\/types\/post"}],"author":[{"embeddable":true,"href":"https:\/\/www.europesays.com\/fr\/wp-json\/wp\/v2\/users\/2"}],"replies":[{"embeddable":true,"href":"https:\/\/www.europesays.com\/fr\/wp-json\/wp\/v2\/comments?post=604582"}],"version-history":[{"count":0,"href":"https:\/\/www.europesays.com\/fr\/wp-json\/wp\/v2\/posts\/604582\/revisions"}],"wp:featuredmedia":[{"embeddable":true,"href":"https:\/\/www.europesays.com\/fr\/wp-json\/wp\/v2\/media\/604583"}],"wp:attachment":[{"href":"https:\/\/www.europesays.com\/fr\/wp-json\/wp\/v2\/media?parent=604582"}],"wp:term":[{"taxonomy":"category","embeddable":true,"href":"https:\/\/www.europesays.com\/fr\/wp-json\/wp\/v2\/categories?post=604582"},{"taxonomy":"post_tag","embeddable":true,"href":"https:\/\/www.europesays.com\/fr\/wp-json\/wp\/v2\/tags?post=604582"}],"curies":[{"name":"wp","href":"https:\/\/api.w.org\/{rel}","templated":true}]}}