{"id":604588,"date":"2025-12-17T06:12:24","date_gmt":"2025-12-17T06:12:24","guid":{"rendered":"https:\/\/www.europesays.com\/fr\/604588\/"},"modified":"2025-12-17T06:12:24","modified_gmt":"2025-12-17T06:12:24","slug":"le-royaume-uni-tres-bientot-de-retour-dans-le-programme-erasmus","status":"publish","type":"post","link":"https:\/\/www.europesays.com\/fr\/604588\/","title":{"rendered":"Le Royaume-Uni tr\u00e8s bient\u00f4t de retour dans le programme Erasmus ?"},"content":{"rendered":"<ul class=\"jsx-862013697 ArticleChapo__List\">\n<li class=\"jsx-862013697 ArticleChapo__List_Item flex\">Selon la presse britannique, le Royaume-Uni devrait r\u00e9int\u00e9grer le programme europ\u00e9en d&rsquo;\u00e9changes universitaires Erasmus.<\/li>\n<li class=\"jsx-862013697 ArticleChapo__List_Item flex\">Nos voisins d&rsquo;outre-Manche ont quitt\u00e9 Erasmus, auquel il participait depuis 1987, d\u00e9but 2021 apr\u00e8s le Brexit.<\/li>\n<\/ul>\n<p data-module=\"article-paragraph\" class=\"jsx-157965717 Paragraph\">Le Royaume-Uni s&rsquo;appr\u00eate \u00e0 r\u00e9int\u00e9grer le programme europ\u00e9en d&rsquo;\u00e9changes universitaires Erasmus, qu&rsquo;il a quitt\u00e9 il y a pr\u00e8s de cinq ans dans la foul\u00e9e du <a href=\"https:\/\/www.tf1info.fr\/international\/une-vraie-evolution-a-eu-lieu-cinq-ans-apres-le-brexit-le-royaume-uni-se-remet-au-centre-du-jeu-europeen-2357245.html\" target=\"_blank\" rel=\"noopener\">Brexit (nouvelle fen\u00eatre)<\/a>, ont rapport\u00e9 les m\u00e9dias britanniques mardi soir. Londres pourrait faire cette annonce d&rsquo;un retour dans Erasmus d\u00e8s ce mercredi &#8211; dans le cadre du nouveau d\u00e9part (\u00ab\u00a0reset\u00a0\u00bb) avec l&rsquo;Union europ\u00e9enne r\u00e9guli\u00e8rement \u00e9voqu\u00e9 par le Premier ministre travailliste Keir Starmer, afin d&rsquo;\u00e9vacuer les ranc\u0153urs du Brexit \u00a0-, selon The Times, <a href=\"https:\/\/www.theguardian.com\/world\/2025\/dec\/16\/uk-to-rejoin-eu-erasmus-student-exchange-programme\" target=\"_blank\" rel=\"noopener\">The Guardian (nouvelle fen\u00eatre)<\/a> et la BBC.<\/p>\n<p data-module=\"article-paragraph\" class=\"jsx-157965717 Paragraph Paragraph__End\">Un accord pass\u00e9 avec Bruxelles ouvrirait la voie \u00e0 la participation des \u00e9tudiants britanniques au programme \u00e0 partir de janvier 2027, selon ces m\u00e9dias.<\/p>\n<p><a href=\"https:\/\/www.tf1info.fr\/international\/deliquance-une-recompense-si-vous-le-denoncez-au-royaume-uni-une-methode-radicale-contre-les-vols-2411514.html\" rel=\"noopener\" class=\"jsx-3308031228 Link flex\" target=\"_blank\"><img decoding=\"async\" src=\"https:\/\/www.europesays.com\/fr\/wp-content\/uploads\/2025\/12\/vol-royaume-uni-e7169f-0@1x.jpeg\" alt=\"TF1\" loading=\"lazy\" importance=\"low\" fetchpriority=\"low\" class=\"\" aria-hidden=\"true\"\/><\/p>\n<p class=\"jsx-3657663356 ReadMoreArticle__Title\">Lire aussi<\/p>\n<p class=\"jsx-3657663356\">Une r\u00e9compense si vous les d\u00e9noncez : au Royaume-Uni, une m\u00e9thode radicale contre les vols<\/p>\n<p><\/a><\/p>\n<p data-module=\"article-paragraph\" class=\"jsx-157965717 Paragraph\">Le Royaume-Uni a quitt\u00e9 Erasmus, auquel il participait depuis 1987, lorsqu&rsquo;il est sorti de l&rsquo;UE d\u00e9but 2021. Cette d\u00e9cision avait suscit\u00e9 la consternation chez les \u00e9tudiants et les acteurs de l&rsquo;enseignement sup\u00e9rieur au Royaume-Uni.<\/p>\n<p data-module=\"article-paragraph\" class=\"jsx-157965717 Paragraph Paragraph__End\">Un porte-parole s&rsquo;est born\u00e9 \u00e0 dire que le gouvernement britannique ne voulait \u00ab\u00a0pas commenter des discussions en cours\u00a0\u00bb, mais la nouvelle a \u00e9t\u00e9 rapidement salu\u00e9e par des universit\u00e9s britanniques et par le troisi\u00e8me parti politique du pays, les Lib\u00e9raux-d\u00e9mocrates (pro-europ\u00e9ens), qui y voient \u00ab\u00a0une premi\u00e8re \u00e9tape cruciale\u00a0\u00bb vers une relation plus \u00e9troite avec l&rsquo;UE.<\/p>\n<p>AL avec AFP<\/p>\n","protected":false},"excerpt":{"rendered":"Selon la presse britannique, le Royaume-Uni devrait r\u00e9int\u00e9grer le programme europ\u00e9en d&rsquo;\u00e9changes universitaires Erasmus. Nos voisins d&rsquo;outre-Manche ont&hellip;\n","protected":false},"author":2,"featured_media":604589,"comment_status":"","ping_status":"","sticky":false,"template":"","format":"standard","meta":{"footnotes":""},"categories":[1588],"tags":[1111,11,1921,1777,674,1922,2581,12,473,1853,1851,364,1850,1852,133,1920],"class_list":{"0":"post-604588","1":"post","2":"type-post","3":"status-publish","4":"format-standard","5":"has-post-thumbnail","7":"category-royaume-uni","8":"tag-actu","9":"tag-actualites","10":"tag-article-video","11":"tag-eu","12":"tag-europe","13":"tag-info","14":"tag-keir-starmer","15":"tag-news","16":"tag-royaume-uni","17":"tag-royaume-uni-de-grande-bretagne-et-dirlande-du-nord","18":"tag-uk","19":"tag-union-europeenne","20":"tag-united-kingdom","21":"tag-united-kingdom-of-great-britain-and-northern-ireland","22":"tag-video","23":"tag-video-international"},"share_on_mastodon":{"url":"https:\/\/pubeurope.com\/@fr\/115733434032030105","error":""},"_links":{"self":[{"href":"https:\/\/www.europesays.com\/fr\/wp-json\/wp\/v2\/posts\/604588","targetHints":{"allow":["GET"]}}],"collection":[{"href":"https:\/\/www.europesays.com\/fr\/wp-json\/wp\/v2\/posts"}],"about":[{"href":"https:\/\/www.europesays.com\/fr\/wp-json\/wp\/v2\/types\/post"}],"author":[{"embeddable":true,"href":"https:\/\/www.europesays.com\/fr\/wp-json\/wp\/v2\/users\/2"}],"replies":[{"embeddable":true,"href":"https:\/\/www.europesays.com\/fr\/wp-json\/wp\/v2\/comments?post=604588"}],"version-history":[{"count":0,"href":"https:\/\/www.europesays.com\/fr\/wp-json\/wp\/v2\/posts\/604588\/revisions"}],"wp:featuredmedia":[{"embeddable":true,"href":"https:\/\/www.europesays.com\/fr\/wp-json\/wp\/v2\/media\/604589"}],"wp:attachment":[{"href":"https:\/\/www.europesays.com\/fr\/wp-json\/wp\/v2\/media?parent=604588"}],"wp:term":[{"taxonomy":"category","embeddable":true,"href":"https:\/\/www.europesays.com\/fr\/wp-json\/wp\/v2\/categories?post=604588"},{"taxonomy":"post_tag","embeddable":true,"href":"https:\/\/www.europesays.com\/fr\/wp-json\/wp\/v2\/tags?post=604588"}],"curies":[{"name":"wp","href":"https:\/\/api.w.org\/{rel}","templated":true}]}}