{"id":604595,"date":"2025-12-17T06:16:14","date_gmt":"2025-12-17T06:16:14","guid":{"rendered":"https:\/\/www.europesays.com\/fr\/604595\/"},"modified":"2025-12-17T06:16:14","modified_gmt":"2025-12-17T06:16:14","slug":"le-fils-du-cineaste-rob-reiner-va-etre-inculpe-pour-lassassinat-de-ses-parents-actualites","status":"publish","type":"post","link":"https:\/\/www.europesays.com\/fr\/604595\/","title":{"rendered":"Le fils du cin\u00e9aste Rob Reiner va \u00eatre inculp\u00e9 pour l&rsquo;assassinat de ses parents : Actualit\u00e9s"},"content":{"rendered":"<p class=\"lead \">Le fils du cin\u00e9aste am\u00e9ricain Rob Reiner va \u00eatre inculp\u00e9 pour l&rsquo;assassinat de ses parents retrouv\u00e9s morts dimanche dans leur luxueux domicile de Los Angeles, a annonc\u00e9 mardi le procureur de la ville, Nathan Hochman.<\/p>\n<p class=\"lead \">Nick Reiner, 32 ans, qui a des ant\u00e9c\u00e9dents d&rsquo;addictions remontant \u00e0 l&rsquo;adolescence, risque la peine de mort s&rsquo;il est reconnu coupable, a pr\u00e9cis\u00e9 M. Hochman.<\/p>\n<p class=\"lead \">Il sera inculp\u00e9 de \u00ab\u00a0deux chefs de meurtre au premier degr\u00e9\u00a0\u00bb, la plus haute qualification, \u00e9quivalant \u00e0 celle d&rsquo;assassinat (meurtre avec pr\u00e9m\u00e9ditation), a-t-il d\u00e9taill\u00e9.<\/p>\n<p class=\"lead \">Le fait que les meurtres sont \u00ab\u00a0multiples\u00a0\u00bb p\u00e8se comme une circonstance aggravante, selon le magistrat.<\/p>\n<p class=\"lead \">\u00ab\u00a0Il fait \u00e9galement l&rsquo;objet d&rsquo;une accusation particuli\u00e8re pour avoir personnellement utilis\u00e9 une arme dangereuse et mortelle, \u00e0 savoir un couteau. Ces chefs sont passibles d&rsquo;une peine maximale d&#8217;emprisonnement \u00e0 perp\u00e9tuit\u00e9 sans possibilit\u00e9 de lib\u00e9ration conditionnelle, ou de la peine de mort\u00a0\u00bb, a poursuivi le procureur.<\/p>\n<p class=\"lead \">Rob Reiner, auteur entre autres du film \u00ab\u00a0Quand Harry rencontre Sally\u00a0\u00bb, a \u00e9t\u00e9 d\u00e9couvert mort dimanche au c\u00f4t\u00e9 de son \u00e9pouse, la photographe Michele Singer, dans leur maison de Brentwood, un quartier hupp\u00e9 de la m\u00e9tropole californienne.<\/p>\n<p class=\"lead \">Leur fils a \u00e9t\u00e9 interpell\u00e9 dans la soir\u00e9e de dimanche et plac\u00e9 en d\u00e9tention.<\/p>\n<p class=\"lead \">Il sera formellement inculp\u00e9 d\u00e8s qu&rsquo;il sera en \u00e9tat de compara\u00eetre pour ce double meurtre, dont le mobile reste \u00e0 ce stade inconnu. Il a \u00e9t\u00e9 d\u00e9clar\u00e9 m\u00e9dicalement inapte \u00e0 compara\u00eetre mardi.<\/p>\n<p class=\"lead \">\u00ab\u00a0Chaque d\u00e9tenu doit obtenir une autorisation m\u00e9dicale avant de pouvoir \u00eatre transf\u00e9r\u00e9\u00a0\u00bb, a expliqu\u00e9 \u00e0 la presse son avocat, Alan Jackson. \u00ab\u00a0Les services du sh\u00e9rif \u00e9valueront la situation au jour le jour\u00a0\u00bb.<\/p>\n<p class=\"lead \">Selon les m\u00e9dias am\u00e9ricain, Rob Reiner, 78 ans, et son \u00e9pouse de 68 ans ont \u00e9t\u00e9 poignard\u00e9s \u00e0 plusieurs reprises.<\/p>\n<p class=\"lead \">La veille des meurtres, Nick Reiner avait perturb\u00e9 une f\u00eate de fin d&rsquo;ann\u00e9e o\u00f9 il \u00e9tait invit\u00e9 avec ses parents, selon NBC News.<\/p>\n<p class=\"lead \">&#8211; Violente dispute &#8211;<\/p>\n<p class=\"lead \">Nick Reiner y \u00ab\u00a0a mis mal \u00e0 l&rsquo;aise les autres invit\u00e9s\u00a0\u00bb en raison de son comportement. \u00ab\u00a0Les parents de Reiner \u00e9taient boulevers\u00e9s et g\u00ean\u00e9s par le comportement de leur fils et s&rsquo;inqui\u00e9taient pour sa sant\u00e9\u00a0\u00bb, a rapport\u00e9 un t\u00e9moin cit\u00e9 par NBC News.<\/p>\n<p class=\"lead \">Selon le New York Times, \u00ab\u00a0Rob et Nick Reiner se sont disput\u00e9s violemment\u00a0\u00bb.<\/p>\n<p class=\"lead \">Nick, un des trois enfants du couple (Rob Reiner avait un autre enfant issu d&rsquo;un premier mariage), vivait de fa\u00e7on intermittente chez ses parents. Il \u00e9voquait ouvertement son exp\u00e9rience en mati\u00e8re de traitement de la toxicomanie, qu&rsquo;il avait contract\u00e9e \u00e0 l&rsquo;\u00e2ge de 15 ans.<\/p>\n<p class=\"lead \">Dans un podcast, il affirmait avoir suivi 18 cures de d\u00e9sintoxication durant son adolescence.<\/p>\n<p class=\"lead \">Nick Reiner racontait aussi des anecdotes sur son comportement instable. Une fois, a-t-il racont\u00e9 en 2018 dans un autre podcast, apr\u00e8s avoir pass\u00e9 des jours sans dormir sous l&rsquo;effet de la coca\u00efne, il s&rsquo;\u00e9tait mis \u00e0 \u00ab\u00a0frapper tout ce qui lui tombait sous la main\u00a0\u00bb chez ses parents. Il s&rsquo;est aussi parfois retrouv\u00e9 \u00e0 la rue ou dans des refuges.<\/p>\n<p class=\"lead \">C&rsquo;est en s&rsquo;inspirant de sa propre exp\u00e9rience qu&rsquo;il avait co\u00e9crit un film r\u00e9alis\u00e9 par son p\u00e8re, \u00ab\u00a0Being Charlie\u00a0\u00bb (2015), qui raconte le difficile r\u00e9tablissement d&rsquo;un fils de c\u00e9l\u00e9brit\u00e9s ravag\u00e9 par les drogues.<\/p>\n<p class=\"lead \">Cin\u00e9aste \u00e9clectique et citoyen engag\u00e9, Rob Reiner a eu une longue carri\u00e8re \u00e0 Hollywood, comme acteur et r\u00e9alisateur.<\/p>\n<p class=\"lead \">De la com\u00e9die romantique &#8211; \u00ab\u00a0Quand Harry rencontre Sally\u00a0\u00bb &#8211; au thriller terrifiant &#8211; \u00ab\u00a0Misery\u00a0\u00bb, adapt\u00e9 d&rsquo;un roman de Stephen King &#8211; en passant par le r\u00e9cit initiatique &#8211; \u00ab\u00a0Stand by me\u00a0\u00bb qui a r\u00e9v\u00e9l\u00e9 River Phoenix -, Rob Reiner a essay\u00e9 tous les genres, souvent avec succ\u00e8s.<\/p>\n<p class=\"lead \">En marge de ses activit\u00e9s \u00e0 Hollywood, Rob Reiner \u00e9tait un militant de gauche, proche des d\u00e9mocrates. Il d\u00e9fendait le droit au mariage pour tous et \u00e9tait un critique virulent du gouvernement de Donald Trump.<\/p>\n<p class=\"lead \">Lundi, le pr\u00e9sident am\u00e9ricain a attribu\u00e9 le meurtre du cin\u00e9aste \u00e0 son anti-trumpisme \u00ab\u00a0enrag\u00e9\u00a0\u00bb, un message qui a outr\u00e9 jusque dans le camp conservateur.<\/p>\n<p class=\"small font-weight-bold text-gray3 \"> publi\u00e9 le 17 d\u00e9cembre \u00e0 04h46, AFP<\/p>\n<p>                             Partager<\/p>\n","protected":false},"excerpt":{"rendered":"Le fils du cin\u00e9aste am\u00e9ricain Rob Reiner va \u00eatre inculp\u00e9 pour l&rsquo;assassinat de ses parents retrouv\u00e9s morts dimanche&hellip;\n","protected":false},"author":2,"featured_media":604596,"comment_status":"","ping_status":"","sticky":false,"template":"","format":"standard","meta":{"footnotes":""},"categories":[2],"tags":[11,1971,1972,1769,1011,27,2683,12,25,308],"class_list":{"0":"post-604595","1":"post","2":"type-post","3":"status-publish","4":"format-standard","5":"has-post-thumbnail","7":"category-actualites","8":"tag-actualites","9":"tag-clbrits","10":"tag-cinma","11":"tag-enqute","12":"tag-fr","13":"tag-france","14":"tag-homicide","15":"tag-news","16":"tag-republique-francaise","17":"tag-usa"},"share_on_mastodon":{"url":"https:\/\/pubeurope.com\/@fr\/115733448924797060","error":""},"_links":{"self":[{"href":"https:\/\/www.europesays.com\/fr\/wp-json\/wp\/v2\/posts\/604595","targetHints":{"allow":["GET"]}}],"collection":[{"href":"https:\/\/www.europesays.com\/fr\/wp-json\/wp\/v2\/posts"}],"about":[{"href":"https:\/\/www.europesays.com\/fr\/wp-json\/wp\/v2\/types\/post"}],"author":[{"embeddable":true,"href":"https:\/\/www.europesays.com\/fr\/wp-json\/wp\/v2\/users\/2"}],"replies":[{"embeddable":true,"href":"https:\/\/www.europesays.com\/fr\/wp-json\/wp\/v2\/comments?post=604595"}],"version-history":[{"count":0,"href":"https:\/\/www.europesays.com\/fr\/wp-json\/wp\/v2\/posts\/604595\/revisions"}],"wp:featuredmedia":[{"embeddable":true,"href":"https:\/\/www.europesays.com\/fr\/wp-json\/wp\/v2\/media\/604596"}],"wp:attachment":[{"href":"https:\/\/www.europesays.com\/fr\/wp-json\/wp\/v2\/media?parent=604595"}],"wp:term":[{"taxonomy":"category","embeddable":true,"href":"https:\/\/www.europesays.com\/fr\/wp-json\/wp\/v2\/categories?post=604595"},{"taxonomy":"post_tag","embeddable":true,"href":"https:\/\/www.europesays.com\/fr\/wp-json\/wp\/v2\/tags?post=604595"}],"curies":[{"name":"wp","href":"https:\/\/api.w.org\/{rel}","templated":true}]}}