{"id":604605,"date":"2025-12-17T06:26:21","date_gmt":"2025-12-17T06:26:21","guid":{"rendered":"https:\/\/www.europesays.com\/fr\/604605\/"},"modified":"2025-12-17T06:26:21","modified_gmt":"2025-12-17T06:26:21","slug":"faire-du-velo-cest-bien-savoir-rouler-cest-mieux","status":"publish","type":"post","link":"https:\/\/www.europesays.com\/fr\/604605\/","title":{"rendered":"faire du v\u00e9lo c\u2019est bien, savoir rouler c\u2019est mieux"},"content":{"rendered":"<p>            \u00catre un parfait cycliste<\/p>\n<p>\u00c0 Rochefort, <a href=\"https:\/\/www.sudouest.fr\/sante\/rochefort-le-velo-ca-s-apprend-meme-a-l-age-adulte-18089872.php\" target=\"_blank\" rel=\"follow noopener\">l\u2019association V\u00e9lo pour tous est tr\u00e8s active depuis des ann\u00e9es pour d\u00e9velopper la pratique du v\u00e9lo au quotidien<\/a>, d\u00e9fendre et soutenir les cyclistes. En compl\u00e9ment, <a href=\"https:\/\/www.cyclotourisme17.fr\/\" target=\"_blank\" rel=\"nofollow noopener\">le Comit\u00e9 d\u00e9partemental de cyclotourisme de Charente-Maritime (CDCT 17)<\/a> s\u2019investit aussi dans la ville gr\u00e2ce \u00e0 un financement de l\u2019\u00c9tat dans le cadre de la politique de la ville.<\/p>\n<p>En partenariat avec l\u2019Agglo et le service jeunesse de la Ville, il ira rencontrer des jeunes pour rappeler l\u2019importance d\u2019un bon \u00e9clairage sur un v\u00e9lo et quelques r\u00e8gles du code de la route. Trois rendez-vous V\u00e9lok\u00e9vu sont d\u00e9j\u00e0 fix\u00e9s\u00a0: ce mercredi 17\u00a0d\u00e9cembre, de 17\u00a0h\u00a030 \u00e0 18\u00a0h\u00a030, \u00e0 la G\u00e9linerie (plateau sportif de l\u2019\u00e9cole Saint-Exup\u00e9ry)\u00a0; puis le mercredi 21\u00a0janvier, de 14 \u00e0 15\u00a0heures, \u00e0 l\u2019Avant-garde et de 16 \u00e0 17\u00a0heures au skatepark du stade rouge. Sans oublier deux ateliers d\u2019initiation m\u00e9canique\u00a0: le vendredi 9\u00a0janvier, de 15\u00a0h\u00a030 \u00e0 17\u00a0h\u00a030, \u00e0 Salaneuve et le jeudi 22\u00a0janvier, de 15\u00a0h\u00a030 \u00e0 17\u00a0h\u00a030, au Petit-Marseille.<\/p>\n<p>        <img decoding=\"async\" id=\"27123199\" src=\"https:\/\/www.europesays.com\/fr\/wp-content\/uploads\/2025\/12\/sudouest-photo-1-31130387.jpg\" alt=\"Des cours gratuits pour apprendre \u00e0 faire du v\u00e9lo seront propos\u00e9s \u00e0 partir de janvier 2026.\" itemprop=\"contentURL\"\/><\/p>\n<p>    Des cours gratuits pour apprendre \u00e0 faire du v\u00e9lo seront propos\u00e9s \u00e0 partir de janvier 2026.<\/p>\n<p>THIERRY DAVID\u00a0\/\u00a0SUD OUEST<\/p>\n","protected":false},"excerpt":{"rendered":"\u00catre un parfait cycliste \u00c0 Rochefort, l\u2019association V\u00e9lo pour tous est tr\u00e8s active depuis des ann\u00e9es pour d\u00e9velopper&hellip;\n","protected":false},"author":2,"featured_media":604606,"comment_status":"","ping_status":"","sticky":false,"template":"","format":"standard","meta":{"footnotes":""},"categories":[1411],"tags":[1154,207,1011,27,60],"class_list":{"0":"post-604605","1":"post","2":"type-post","3":"status-publish","4":"format-standard","5":"has-post-thumbnail","7":"category-cyclisme","8":"tag-cycling","9":"tag-cyclisme","10":"tag-fr","11":"tag-france","12":"tag-sports"},"share_on_mastodon":{"url":"https:\/\/pubeurope.com\/@fr\/115733488865843531","error":""},"_links":{"self":[{"href":"https:\/\/www.europesays.com\/fr\/wp-json\/wp\/v2\/posts\/604605","targetHints":{"allow":["GET"]}}],"collection":[{"href":"https:\/\/www.europesays.com\/fr\/wp-json\/wp\/v2\/posts"}],"about":[{"href":"https:\/\/www.europesays.com\/fr\/wp-json\/wp\/v2\/types\/post"}],"author":[{"embeddable":true,"href":"https:\/\/www.europesays.com\/fr\/wp-json\/wp\/v2\/users\/2"}],"replies":[{"embeddable":true,"href":"https:\/\/www.europesays.com\/fr\/wp-json\/wp\/v2\/comments?post=604605"}],"version-history":[{"count":0,"href":"https:\/\/www.europesays.com\/fr\/wp-json\/wp\/v2\/posts\/604605\/revisions"}],"wp:featuredmedia":[{"embeddable":true,"href":"https:\/\/www.europesays.com\/fr\/wp-json\/wp\/v2\/media\/604606"}],"wp:attachment":[{"href":"https:\/\/www.europesays.com\/fr\/wp-json\/wp\/v2\/media?parent=604605"}],"wp:term":[{"taxonomy":"category","embeddable":true,"href":"https:\/\/www.europesays.com\/fr\/wp-json\/wp\/v2\/categories?post=604605"},{"taxonomy":"post_tag","embeddable":true,"href":"https:\/\/www.europesays.com\/fr\/wp-json\/wp\/v2\/tags?post=604605"}],"curies":[{"name":"wp","href":"https:\/\/api.w.org\/{rel}","templated":true}]}}