{"id":604613,"date":"2025-12-17T06:31:22","date_gmt":"2025-12-17T06:31:22","guid":{"rendered":"https:\/\/www.europesays.com\/fr\/604613\/"},"modified":"2025-12-17T06:31:22","modified_gmt":"2025-12-17T06:31:22","slug":"voici-le-gagnant-de-la-saison-20","status":"publish","type":"post","link":"https:\/\/www.europesays.com\/fr\/604613\/","title":{"rendered":"voici le gagnant de la saison 20"},"content":{"rendered":"<p>        <img decoding=\"async\" loading=\"lazy\" src=\"https:\/\/www.europesays.com\/fr\/wp-content\/uploads\/2025\/12\/64cb3f6_1695929095249-lfauit-saison-18.jpeg\"  width=\"728\" height=\"410\" alt=\"Les jur\u00e9s de \u00ab\u00a0La France a un incroyable talent\u00a0\u00bb saison 20\u00a0sur M6\"\/>  <\/p>\n<p>Capture M6<\/p>\n<p>Les jur\u00e9s de \u00ab\u00a0La France a un incroyable talent\u00a0\u00bb saison 20\u00a0sur M6<\/p>\n<p class=\"asset asset-text\">Apr\u00e8s des semaines d\u2019auditions, des quarts de finale stressants et une demi-finale sous tension, le verdict. Les <a href=\"https:\/\/www.huffingtonpost.fr\/divertissement\/article\/la-france-a-un-incroyable-talent-saison-20-sur-m6-qui-sont-les-10-finalistes_257902.html\" target=\"_blank\" rel=\"noopener\">dix finalistes<\/a> de la saison 20\u00a0de La France a un incroyable talent ont eu ce mardi 16\u00a0d\u00e9cembre <a href=\"https:\/\/www.huffingtonpost.fr\/divertissement\/article\/dans-l-amour-est-dans-le-pre-l-agriculteur-jean-francois-fait-son-coming-out-pour-se-liberer-d-un-fardeau_258272.html\" target=\"_blank\" rel=\"noopener\">sur M6<\/a>\u00a0une toute derni\u00e8re occasion de s\u00e9duire les jur\u00e9s, mais surtout de convaincre les t\u00e9l\u00e9spectateurs qui avaient pour la premi\u00e8re et derni\u00e8re fois de la saison leur mot \u00e0 dire. Et \u00e0 l\u2019issue de la finale, ce sont les acrobates du duo EmYo qui ont \u00e9t\u00e9 sacr\u00e9s.<\/p>\n<p class=\"asset asset-text\">Pour cette toute derni\u00e8re soir\u00e9e, le jury compos\u00e9 d\u2019H\u00e9l\u00e8ne S\u00e9gara, Marianne James, Sugar Sammy et Eric-Antoine n\u2019avait en effet qu\u2019un r\u00f4le d\u2019observation. Install\u00e9s face \u00e0 la sc\u00e8ne, ils ont admir\u00e9 les num\u00e9ros des candidats s\u00e9lectionn\u00e9s pour l\u2019ultime \u00e9tape du concours, des artistes qui avaient pour certains obtenus un <a href=\"https:\/\/www.huffingtonpost.fr\/divertissement\/article\/dans-la-france-a-un-incroyable-talent-sur-m6-qui-sont-les-golden-buzzer-qui-vont-en-demi-finale_257240.html\" target=\"_blank\" rel=\"noopener\">golden buzzer<\/a>, mais pas tous. L\u2019occasion de revoir Tim\u00e9o le Platinium buzzer de la saison et virtuose de la guitare \u00e9lectrique \u00e2g\u00e9 de 10\u00a0ans, mais aussi Herwan Legaillard, Emyo, Tataki, Thomas Rochelet, Antoine D\u00e9lie, Air Foot Works, Eden Choi, Damig Yuten et Cl\u00e9ment Blouin.<\/p>\n<p class=\"asset asset-text\">Toute la soir\u00e9e, les t\u00e9l\u00e9spectateurs ont \u00e9t\u00e9 invit\u00e9s \u00e0 voter pour leur candidat pr\u00e9f\u00e9r\u00e9 et \u00e0 d\u00e9partager magie, danse, chanson, ou encore acrobatie. Apr\u00e8s les dix prestations, les votes ont \u00e9t\u00e9 clos, et Karine Le\u00a0Marchand a annonc\u00e9 le nom du vainqueur. C\u2019est donc finalement le duo EmYo qui a re\u00e7u le plus de votes, devant Herwan Legaillard, gr\u00e2ce \u00e0 leur<strong> <\/strong>num\u00e9ro d\u2019acrobatie a\u00e9rienne m\u00ealant technique et po\u00e9sie.<\/p>\n<p> La lecture de ce contenu est susceptible d\u2019entra\u00eener un d\u00e9p\u00f4t de cookies de la part de l\u2019op\u00e9rateur tiers qui l\u2019h\u00e9berge. Compte-tenu des choix que vous avez exprim\u00e9s en mati\u00e8re de d\u00e9p\u00f4t de cookies, nous avons bloqu\u00e9 l\u2019affichage de ce contenu. Si vous souhaitez y acc\u00e9der, vous devez accepter la cat\u00e9gorie de cookies \u201cContenus tiers\u201d en cliquant sur le bouton ci-dessous. <\/p>\n<p> Lire la Vid\u00e9o            <\/p>\n<p class=\"asset asset-text\">Le duo EmYo<strong> <\/strong>succ\u00e8de ainsi \u00e0 <a href=\"https:\/\/www.huffingtonpost.fr\/divertissement\/article\/la-france-a-un-incroyable-talent-mathieu-stepson-remporte-la-19e-saison-de-l-emission_243749.html\" target=\"_blank\" rel=\"noopener\">Mathieu Stepson<\/a>, le magicien vainqueur en 2024, au groupe de danse Mega Unity gagnant de 2023\u00a0et au virtuose du piano Rayane. Comme eux, le tandem d\u2019acrobates a\u00e9riens remporte non seulement le titre d\u2019Incroyable talent 2025, mais \u00e9galement un ch\u00e8que de 100\u00a0000\u00a0euros.<\/p>\n<p> La lecture de ce contenu est susceptible d\u2019entra\u00eener un d\u00e9p\u00f4t de cookies de la part de l\u2019op\u00e9rateur tiers qui l\u2019h\u00e9berge. Compte-tenu des choix que vous avez exprim\u00e9s en mati\u00e8re de d\u00e9p\u00f4t de cookies, nous avons bloqu\u00e9 l\u2019affichage de ce contenu. Si vous souhaitez y acc\u00e9der, vous devez accepter la cat\u00e9gorie de cookies \u201cContenus tiers\u201d en cliquant sur le bouton ci-dessous. <\/p>\n<p> Lire la Vid\u00e9o        <\/p>\n<p class=\"asset asset-text\">L\u2019une des vainqueurs, \u00c9meline, a expliqu\u00e9 que cette somme servirait \u00e0 ouvrir \u00ab\u00a0un espace pour accueillir des artistes et les aider \u00e0 cr\u00e9er dans de belles conditions.\u00a0\u00bb Quant \u00e0 Yoann, son partenaire qui\u00a0\u00e9tait avant technicien pour l\u2019\u00e9mission de M6, il a remerci\u00e9 \u00ab\u00a0infiniment\u00a0\u00bb le public.<\/p>\n<p class=\"asset asset-text\">Celles et ceux qui suivent l\u2019\u00e9mission depuis deux d\u00e9cennies ont une autre occasion de se r\u00e9jouir. La France a un incroyable talent fera son retour sur M6\u00a0d\u00e8s le mardi 23\u00a0d\u00e9cembre pour la premi\u00e8re des deux soir\u00e9es sp\u00e9ciales d\u00e9di\u00e9es aux 20\u00a0ans de l\u2019\u00e9mission. Il ne s\u2019agira pas, contrairement \u00e0 ce qui avait initialement \u00e9t\u00e9 annonc\u00e9, d\u2019une saison All Stars, mais de deux \u00e9missions r\u00e9trospectives sur les meilleurs moments de l\u2019\u00e9mission. Les t\u00e9l\u00e9spectateurs pourront y retrouver des artistes pass\u00e9s sur le plateau comme Berywam, Jean-Baptiste Guegan, La Pig Chenilliste, le groupe Inverdance, mais aussi Eric-Antoine, qui avait \u00e9t\u00e9 candidat de l\u2019une des toutes premi\u00e8res saisons.<\/p>\n","protected":false},"excerpt":{"rendered":"Capture M6 Les jur\u00e9s de \u00ab\u00a0La France a un incroyable talent\u00a0\u00bb saison 20\u00a0sur M6 Apr\u00e8s des semaines d\u2019auditions,&hellip;\n","protected":false},"author":2,"featured_media":604614,"comment_status":"","ping_status":"","sticky":false,"template":"","format":"standard","meta":{"footnotes":""},"categories":[1356],"tags":[58,11778,59,1011,27,5366,494,252,1364],"class_list":{"0":"post-604613","1":"post","2":"type-post","3":"status-publish","4":"format-standard","5":"has-post-thumbnail","7":"category-television","8":"tag-divertissement","9":"tag-emission-tv","10":"tag-entertainment","11":"tag-fr","12":"tag-france","13":"tag-la-france-a-un-incroyable-talent","14":"tag-m6","15":"tag-television","16":"tag-tv"},"share_on_mastodon":{"url":"https:\/\/pubeurope.com\/@fr\/115733508561356688","error":""},"_links":{"self":[{"href":"https:\/\/www.europesays.com\/fr\/wp-json\/wp\/v2\/posts\/604613","targetHints":{"allow":["GET"]}}],"collection":[{"href":"https:\/\/www.europesays.com\/fr\/wp-json\/wp\/v2\/posts"}],"about":[{"href":"https:\/\/www.europesays.com\/fr\/wp-json\/wp\/v2\/types\/post"}],"author":[{"embeddable":true,"href":"https:\/\/www.europesays.com\/fr\/wp-json\/wp\/v2\/users\/2"}],"replies":[{"embeddable":true,"href":"https:\/\/www.europesays.com\/fr\/wp-json\/wp\/v2\/comments?post=604613"}],"version-history":[{"count":0,"href":"https:\/\/www.europesays.com\/fr\/wp-json\/wp\/v2\/posts\/604613\/revisions"}],"wp:featuredmedia":[{"embeddable":true,"href":"https:\/\/www.europesays.com\/fr\/wp-json\/wp\/v2\/media\/604614"}],"wp:attachment":[{"href":"https:\/\/www.europesays.com\/fr\/wp-json\/wp\/v2\/media?parent=604613"}],"wp:term":[{"taxonomy":"category","embeddable":true,"href":"https:\/\/www.europesays.com\/fr\/wp-json\/wp\/v2\/categories?post=604613"},{"taxonomy":"post_tag","embeddable":true,"href":"https:\/\/www.europesays.com\/fr\/wp-json\/wp\/v2\/tags?post=604613"}],"curies":[{"name":"wp","href":"https:\/\/api.w.org\/{rel}","templated":true}]}}