{"id":604615,"date":"2025-12-17T06:32:26","date_gmt":"2025-12-17T06:32:26","guid":{"rendered":"https:\/\/www.europesays.com\/fr\/604615\/"},"modified":"2025-12-17T06:32:26","modified_gmt":"2025-12-17T06:32:26","slug":"contacte-par-aya-nakamura-bigflo-et-oli-masego-le-rappeur-perpignanais-nemir-collabore-avec-les-plus-grands-de-la-scene-francaise","status":"publish","type":"post","link":"https:\/\/www.europesays.com\/fr\/604615\/","title":{"rendered":"Contact\u00e9 par Aya Nakamura, Bigflo et Oli, Masego\u2026 Le rappeur perpignanais N\u00e9mir collabore avec les plus grands de la sc\u00e8ne fran\u00e7aise"},"content":{"rendered":"<p>\n                                                                Le rappeur N\u00e9mir, originaire de Perpignan, s\u2019impose dans le milieu musical gr\u00e2ce \u00e0 ses collaborations avec des artistes renomm\u00e9s. R\u00e9cemment reconnu soci\u00e9taire d\u00e9finitif \u00e0 la SACEM, il continue d\u2019explorer de nouveaux horizons tout en poursuivant ses projets personnels.\n                            <\/p>\n<p>\u00ab\u00a0M\u00eame en venant de Perpignan on peut faire de belles choses\u00a0\u00bb. Originaire du quartier Saint-Jacques, N\u00e9mir s\u2019est fait un nom dans le monde du rap ces derni\u00e8res ann\u00e9es, notamment gr\u00e2ce \u00e0 ses collaborations avec les rappeurs Nekfeu et\u00a0Alpha Wann.<\/p>\n<p>Derni\u00e8rement, il \u00e9tait aux c\u00f4t\u00e9s d\u2019Aya Nakamura, LEJ, Masego ou encore Bigflo et Oli. Pour l\u2019\u00e9criture de leur dernier album intitul\u00e9 \u00ab\u00a0KARMA\u00a0\u00bb, les rappeurs toulousains ont choisi de se rendre \u00e0 Cadaqu\u00e8s, en Espagne, durant le mois de novembre, et ont fait appel \u00e0 N\u00e9mir. \u00ab\u00a0J\u2019essaye d\u2019apporter ma vision, je prends part \u00e0 la composition et \u00e0 l\u2019\u00e9criture. Je suis un peu comme un guide\u00a0\u00bb, confie le rappeur. Ce qui pla\u00eet aux autres musiciens, c\u2019est notamment \u00ab\u00a0sa sensibilit\u00e9\u00a0\u00bb.<\/p>\n<blockquote>\n<p>Tu ne peux pas refuser de travailler avec quelqu\u2019un comme Aya Nakamura<\/p>\n<\/blockquote>\n<p>Le chanteur, qui oscille aujourd\u2019hui entre Paris et Perpignan, est tr\u00e8s sollicit\u00e9 depuis deux ans, mais ne renonce pas \u00e0 ses objectifs personnels. \u00ab\u00a0Je suis toujours chez Universal, j\u2019ai moins de temps pour bosser sur mes prochains sons mais j\u2019y travaille en parall\u00e8le. Mais tu ne peux pas refuser de travailler avec quelqu\u2019un comme Aya Nakamura. Alors je continue, mais je ne suis pas frustr\u00e9, \u00e7a me permet de faire de belles choses dans des registres que je n\u2019explore pas habituellement\u00a0\u00bb, admet-il.<\/p>\n<p>N\u00e9mir se qualifie comme un artiste \u00ab\u00a0juste, doux, m\u00e9lancolique, minimal et rythmique\u00a0\u00bb. Son travail a \u00e9t\u00e9 r\u00e9cemment r\u00e9compens\u00e9 par un titre important dans le monde de la musique qui est celui de soci\u00e9taire d\u00e9finitif \u00e0 la\u00a0Soci\u00e9t\u00e9 des auteurs, compositeurs et \u00e9diteurs de Musique (SACEM). Une valorisation qui permet de se positionner en tant qu\u2019artiste reconnu par ses pairs.<\/p>\n","protected":false},"excerpt":{"rendered":"Le rappeur N\u00e9mir, originaire de Perpignan, s\u2019impose dans le milieu musical gr\u00e2ce \u00e0 ses collaborations avec des artistes&hellip;\n","protected":false},"author":2,"featured_media":604616,"comment_status":"","ping_status":"","sticky":false,"template":"","format":"standard","meta":{"footnotes":""},"categories":[1355],"tags":[58,59,1011,27,1361,873,3464,11548],"class_list":{"0":"post-604615","1":"post","2":"type-post","3":"status-publish","4":"format-standard","5":"has-post-thumbnail","7":"category-musique","8":"tag-divertissement","9":"tag-entertainment","10":"tag-fr","11":"tag-france","12":"tag-music","13":"tag-musique","14":"tag-perpignan","15":"tag-pyrenees-orientales"},"share_on_mastodon":{"url":"https:\/\/pubeurope.com\/@fr\/115733512057943369","error":""},"_links":{"self":[{"href":"https:\/\/www.europesays.com\/fr\/wp-json\/wp\/v2\/posts\/604615","targetHints":{"allow":["GET"]}}],"collection":[{"href":"https:\/\/www.europesays.com\/fr\/wp-json\/wp\/v2\/posts"}],"about":[{"href":"https:\/\/www.europesays.com\/fr\/wp-json\/wp\/v2\/types\/post"}],"author":[{"embeddable":true,"href":"https:\/\/www.europesays.com\/fr\/wp-json\/wp\/v2\/users\/2"}],"replies":[{"embeddable":true,"href":"https:\/\/www.europesays.com\/fr\/wp-json\/wp\/v2\/comments?post=604615"}],"version-history":[{"count":0,"href":"https:\/\/www.europesays.com\/fr\/wp-json\/wp\/v2\/posts\/604615\/revisions"}],"wp:featuredmedia":[{"embeddable":true,"href":"https:\/\/www.europesays.com\/fr\/wp-json\/wp\/v2\/media\/604616"}],"wp:attachment":[{"href":"https:\/\/www.europesays.com\/fr\/wp-json\/wp\/v2\/media?parent=604615"}],"wp:term":[{"taxonomy":"category","embeddable":true,"href":"https:\/\/www.europesays.com\/fr\/wp-json\/wp\/v2\/categories?post=604615"},{"taxonomy":"post_tag","embeddable":true,"href":"https:\/\/www.europesays.com\/fr\/wp-json\/wp\/v2\/tags?post=604615"}],"curies":[{"name":"wp","href":"https:\/\/api.w.org\/{rel}","templated":true}]}}