{"id":604629,"date":"2025-12-17T06:39:13","date_gmt":"2025-12-17T06:39:13","guid":{"rendered":"https:\/\/www.europesays.com\/fr\/604629\/"},"modified":"2025-12-17T06:39:13","modified_gmt":"2025-12-17T06:39:13","slug":"fusillade-a-luniversite-americaine-brown-la-police-diffuse-une-longue-video-du-suspect","status":"publish","type":"post","link":"https:\/\/www.europesays.com\/fr\/604629\/","title":{"rendered":"Fusillade \u00e0 l\u2019universit\u00e9 am\u00e9ricaine Brown, la police diffuse une longue vid\u00e9o du suspect"},"content":{"rendered":"<p>Quatre jours apr\u00e8s <a href=\"https:\/\/www.20minutes.fr\/monde\/etats-unis\/4191673-20251216-etats-unis-chasse-homme-reprend-fusillade-mortelle-universite-brown\" target=\"_blank\" class=\"c-link c-link--is-underlined\" rel=\"noopener\">la fusillade meurtri\u00e8re sur le campus de l\u2019universit\u00e9 Brown<\/a>, \u00e0 Providence, les forces de l\u2019ordre ont franchi une nouvelle \u00e9tape en diffusant mardi une <a href=\"https:\/\/www.20minutes.fr\/dossier\/video\" target=\"_blank\" class=\"c-link c-link--is-underlined\" rel=\"noopener\">vid\u00e9o<\/a> de plusieurs minutes montrant le <a href=\"https:\/\/www.20minutes.fr\/dossier\/suspect\" target=\"_blank\" class=\"c-link c-link--is-underlined\" rel=\"noopener\">suspect<\/a> toujours en fuite. L\u2019homme, dont l\u2019identit\u00e9 demeure inconnue, est soup\u00e7onn\u00e9 d\u2019avoir abattu deux \u00e9tudiants et d\u2019avoir bless\u00e9 neuf autres samedi, alors que des examens se d\u00e9roulaient dans un b\u00e2timent d\u2019ing\u00e9nierie et de physique.<\/p>\n<p>Pr\u00e9sent lors d\u2019une conf\u00e9rence de presse, le chef de la <a href=\"https:\/\/www.20minutes.fr\/dossier\/police\" target=\"_blank\" class=\"c-link c-link--is-underlined\" rel=\"noopener\">police<\/a> de Providence, le colonel Oscar Perez, a expliqu\u00e9 que ces images pourraient s\u2019av\u00e9rer d\u00e9cisives. \u00ab\u00a0Nous demandons au public d\u2019observer les mouvements du corps, la posture\u2026 Cela pourrait aider \u00e0 identifier cet individu\u00a0\u00bb, a-t-il d\u00e9clar\u00e9. Selon les enqu\u00eateurs, le suspect mesure environ 1,73 m\u00e8tre, pr\u00e9sente une corpulence trapue et appara\u00eet v\u00eatu de v\u00eatements sombres, le visage dissimul\u00e9 par un masque chirurgical et coiff\u00e9 d\u2019un bonnet, alors qu\u2019il marche dans des rues proches du <a href=\"https:\/\/www.20minutes.fr\/dossier\/campus\" target=\"_blank\" class=\"c-link c-link--is-underlined\" rel=\"noopener\">campus<\/a>.<\/p>\n<p>Un appel \u00e0 tous les habitants et automobilistes<\/p>\n<p>Les autorit\u00e9s \u00e9largissent d\u00e9sormais leur appel \u00e0 t\u00e9moins. Oscar Perez a demand\u00e9 aux habitants et aux automobilistes ayant circul\u00e9 dans le secteur de transmettre toute <a href=\"https:\/\/www.20minutes.fr\/dossier\/videosurveillance\" target=\"_blank\" class=\"c-link c-link--is-underlined\" rel=\"noopener\">vid\u00e9o de surveillance<\/a> disponible, remontant jusqu\u2019\u00e0 une semaine avant les faits. Cette mobilisation porte d\u00e9j\u00e0 ses fruits\u00a0: pr\u00e8s de 200 \u00ab\u00a0signalements exploitables\u00a0\u00bb ont \u00e9t\u00e9 re\u00e7us par les services d\u2019<a href=\"https:\/\/www.20minutes.fr\/dossier\/enquete\" target=\"_blank\" class=\"c-link c-link--is-underlined\" rel=\"noopener\">enqu\u00eate<\/a>, a-t-il pr\u00e9cis\u00e9.<\/p>\n<\/p>\n<p>Le <a href=\"https:\/\/www.20minutes.fr\/dossier\/fbi\" target=\"_blank\" class=\"c-link c-link--is-underlined\" rel=\"noopener\">FBI<\/a> a confirm\u00e9 son implication active dans les recherches. Des photos publi\u00e9es sur le r\u00e9seau social X montrent des agents f\u00e9d\u00e9raux fouillant des poubelles et ratissant une pelouse enneig\u00e9e \u00e0 proximit\u00e9 de la sc\u00e8ne de crime. L\u2019agence indique \u00ab\u00a0contribuer au traitement et \u00e0 la documentation des \u00e9l\u00e9ments mat\u00e9riels provenant de la sc\u00e8ne\u00a0\u00bb et travailler de concert avec les forces locales \u00ab\u00a0pour suivre les pistes et recueillir des renseignements afin d\u2019identifier la personne responsable\u00a0\u00bb.<\/p>\n<blockquote class=\"twitter-tweet\" align=\"center\" data-lang=\"fr_FR\">\n<p lang=\"en\" dir=\"ltr\">FBI agents and analysts are working closely with law enforcement partners to track leads and gather intelligence to identify the person responsible for the mass shooting that occurred at Brown University. Members of the <a href=\"https:\/\/twitter.com\/hashtag\/FBI?src=hash&amp;ref_src=twsrc%5Etfw\" target=\"_blank\" rel=\"noopener\">#FBI<\/a> Evidence Response Team and specialists from the FBI\u2026 <a href=\"https:\/\/t.co\/DQw92SRWoS\">pic.twitter.com\/DQw92SRWoS<\/a><\/p>\n<p>\u2014 FBI (@FBI) <a href=\"https:\/\/twitter.com\/FBI\/status\/2000958976616276479?ref_src=twsrc%5Etfw\" target=\"_blank\" rel=\"noopener\">December 16, 2025<\/a><\/p><\/blockquote>\n<p class=\"mb-m@xs text-l@xs\">En cliquant sur\u00ab J\u2019accepte \u00bb, vous acceptez le d\u00e9p\u00f4t de cookies par des services externes et aurez ainsi acc\u00e8s aux contenus de nos partenaires.<\/p>\n<p class=\"mb-xl@xs text-s@xs\">Plus d\u2019informations sur la page<a href=\"https:\/\/www.20minutes.fr\/gestion-cookies\" class=\"mx-xxs@xs color-ultramarine\" target=\"_blank\" rel=\"noopener\">Politique de gestion des cookies<\/a><\/p>\n<p>J\u2019accepteUn hommage aux victimes pr\u00e9vu ce mercredi<\/p>\n<p>Parall\u00e8lement, l\u2019enqu\u00eate se poursuit \u00e0 l\u2019int\u00e9rieur m\u00eame de l\u2019<a href=\"https:\/\/www.20minutes.fr\/dossier\/universite\" target=\"_blank\" class=\"c-link c-link--is-underlined\" rel=\"noopener\">universit\u00e9<\/a>. Les forces de l\u2019ordre ont demand\u00e9 \u00e0 entendre l\u2019ensemble des personnes pr\u00e9sentes dans le b\u00e2timent concern\u00e9 le jour de la <a href=\"https:\/\/www.20minutes.fr\/dossier\/fusillade\" target=\"_blank\" class=\"c-link c-link--is-underlined\" rel=\"noopener\">fusillade<\/a> ainsi que la veille. Le procureur g\u00e9n\u00e9ral de l\u2019Etat du Rhode Island, Peter Neronha, s\u2019est voulu rassurant quant \u00e0 l\u2019avanc\u00e9e des investigations. \u00ab\u00a0L\u2019enqu\u00eate, difficile dans une affaire comme celle-ci, se d\u00e9roule tr\u00e8s bien. Il faut juste un peu de patience, aussi difficile que ce soit \u00e0 dire dans ce contexte horrible.\u00a0\u00bb Par ailleurs, en fin de journ\u00e9e mardi, l\u2019universit\u00e9 a publi\u00e9 un communiqu\u00e9 d\u00e9non\u00e7ant des accusations port\u00e9es sur les <a href=\"https:\/\/www.20minutes.fr\/dossier\/reseaux_sociaux\" target=\"_blank\" class=\"c-link c-link--is-underlined\" rel=\"noopener\">r\u00e9seaux sociaux<\/a> contre l\u2019un de ses \u00e9tudiants. \u00ab\u00a0Si le nom de cette personne avait la moindre pertinence pour l\u2019enqu\u00eate en cours, (les forces de l\u2019ordre) chercheraient activement cette personne et communiqueraient des informations publiquement\u00a0\u00bb, a insist\u00e9 l\u2019universit\u00e9.<\/p>\n<p><a href=\"https:\/\/www.20minutes.fr\/monde\/etats-unis\/\" target=\"_blank\" class=\"c-link c-btn c-btn--primary\" rel=\"noopener\">Notre dossier sur les Etats-Unis<\/a><\/p>\n<p>La fusillade a co\u00fbt\u00e9 la vie \u00e0 Ella Cook, \u00e9tudiante en deuxi\u00e8me ann\u00e9e, engag\u00e9e au sein du <a href=\"https:\/\/www.20minutes.fr\/monde\/republicains\/\" target=\"_blank\" class=\"c-link c-link--is-underlined\" rel=\"noopener\">parti r\u00e9publicain<\/a>, et \u00e0 Mukhammad Aziz Umurzokov, \u00e9tudiant de premi\u00e8re ann\u00e9e. Parmi les bless\u00e9s, un patient reste dans un \u00e9tat critique, tandis que d\u2019autres sont d\u00e9sormais stabilis\u00e9s ou ont pu quitter l\u2019h\u00f4pital. Une r\u00e9compense de 50.000 dollars a \u00e9t\u00e9 annonc\u00e9e \u00ab\u00a0pour toute information conduisant \u00e0 l\u2019identification, l\u2019arrestation et la condamnation de l\u2019auteur\u00a0\u00bb, d\u00e9crit comme \u00ab\u00a0arm\u00e9 et dangereux\u00a0\u00bb, alors qu\u2019une veill\u00e9e est pr\u00e9vue ce mercredi pour rendre hommage aux victimes.<\/p>\n<p><script async src=\"https:\/\/platform.twitter.com\/widgets.js\" charset=\"utf-8\"><\/script><\/p>\n","protected":false},"excerpt":{"rendered":"Quatre jours apr\u00e8s la fusillade meurtri\u00e8re sur le campus de l\u2019universit\u00e9 Brown, \u00e0 Providence, les forces de l\u2019ordre&hellip;\n","protected":false},"author":2,"featured_media":604630,"comment_status":"","ping_status":"","sticky":false,"template":"","format":"standard","meta":{"footnotes":""},"categories":[5],"tags":[47,11,35451,1067,73,18120,1011,27,3832,14,74,12,1072,16022,14695,5768,7939,28],"class_list":{"0":"post-604629","1":"post","2":"type-post","3":"status-publish","4":"format-standard","5":"has-post-thumbnail","7":"category-international","8":"tag-actualite","9":"tag-actualites","10":"tag-armes-a-feu-aux-etats-unis","11":"tag-enquete","12":"tag-etats-unis","13":"tag-fbi","14":"tag-fr","15":"tag-france","16":"tag-fusillade","17":"tag-international","18":"tag-monde","19":"tag-news","20":"tag-police","21":"tag-suspect","22":"tag-tuerie","23":"tag-universite","24":"tag-videosurveillance","25":"tag-world"},"share_on_mastodon":{"url":"https:\/\/pubeurope.com\/@fr\/115733539226045617","error":""},"_links":{"self":[{"href":"https:\/\/www.europesays.com\/fr\/wp-json\/wp\/v2\/posts\/604629","targetHints":{"allow":["GET"]}}],"collection":[{"href":"https:\/\/www.europesays.com\/fr\/wp-json\/wp\/v2\/posts"}],"about":[{"href":"https:\/\/www.europesays.com\/fr\/wp-json\/wp\/v2\/types\/post"}],"author":[{"embeddable":true,"href":"https:\/\/www.europesays.com\/fr\/wp-json\/wp\/v2\/users\/2"}],"replies":[{"embeddable":true,"href":"https:\/\/www.europesays.com\/fr\/wp-json\/wp\/v2\/comments?post=604629"}],"version-history":[{"count":0,"href":"https:\/\/www.europesays.com\/fr\/wp-json\/wp\/v2\/posts\/604629\/revisions"}],"wp:featuredmedia":[{"embeddable":true,"href":"https:\/\/www.europesays.com\/fr\/wp-json\/wp\/v2\/media\/604630"}],"wp:attachment":[{"href":"https:\/\/www.europesays.com\/fr\/wp-json\/wp\/v2\/media?parent=604629"}],"wp:term":[{"taxonomy":"category","embeddable":true,"href":"https:\/\/www.europesays.com\/fr\/wp-json\/wp\/v2\/categories?post=604629"},{"taxonomy":"post_tag","embeddable":true,"href":"https:\/\/www.europesays.com\/fr\/wp-json\/wp\/v2\/tags?post=604629"}],"curies":[{"name":"wp","href":"https:\/\/api.w.org\/{rel}","templated":true}]}}