{"id":604638,"date":"2025-12-17T06:44:10","date_gmt":"2025-12-17T06:44:10","guid":{"rendered":"https:\/\/www.europesays.com\/fr\/604638\/"},"modified":"2025-12-17T06:44:10","modified_gmt":"2025-12-17T06:44:10","slug":"voici-les-evenements-a-ne-pas-rater-ce-week-end","status":"publish","type":"post","link":"https:\/\/www.europesays.com\/fr\/604638\/","title":{"rendered":"voici les \u00e9v\u00e8nements \u00e0 ne pas rater ce week-end"},"content":{"rendered":"<p>                    Par<br \/>\n        <strong><br \/>\n            <a href=\"https:\/\/actu.fr\/auteur\/pierre-emile-bouchy-actu-fr\" title=\"Consulter tous les articles de Paul-Emile Bouchy\" target=\"_blank\" rel=\"noopener\">Paul-Emile Bouchy<\/a><br \/>\n                    <\/strong><\/p>\n<p>        Publi\u00e9 le<\/p>\n<p>            17 d\u00e9c. 2025 \u00e0 7h02        <\/p>\n<p>Apr\u00e8s les pr\u00e9c\u00e9dents week-ends marqu\u00e9s par <a href=\"https:\/\/actu.fr\/grand-est\/nancy_54395\/video-fetes-de-saint-nicolas-a-nancy-revivez-le-defile-de-l-edition-2025_63541741.html\" target=\"_blank\" rel=\"noopener\">le grand d\u00e9fil\u00e9<\/a> et <a href=\"https:\/\/actu.fr\/grand-est\/nancy_54395\/nancy-le-defile-de-saint-nicolas-sur-l-eau-va-monter-en-puissance-en-2025-voici-ce-qui-vous-attend_63431469.html\" target=\"_blank\" rel=\"noopener\">la Saint-Nicolas sur l\u2019eau<\/a>, les festivit\u00e9s se poursuivent avec <strong>plusieurs \u00e9v\u00e9nements ce week-end<\/strong> \u00e0 <a href=\"https:\/\/actu.fr\/grand-est\/nancy_54395\" target=\"_blank\" rel=\"noopener\">Nancy<\/a> (Meurthe-et-Moselle).<\/p>\n<p class=\" wall-content\">Voici les manifestations \u00e0 ne pas rater du vendredi\u00a019 au dimanche 21\u00a0d\u00e9cembre.<\/p>\n<p>Profiter d\u2019un ap\u00e9ritif musical \u00e0 l\u2019Op\u00e9ra<\/p>\n<p class=\" wall-content\">Samedi matin \u00e0 11h, <strong>un concert-ap\u00e9ritif<\/strong> avec les artistes de l\u2019Orchestre et les voix du Ch\u0153ur de l\u2019<strong>Op\u00e9ra national de Nancy-Lorraine<\/strong> aura lieu. Une occasion de d\u00e9couvrir la musique d\u2019une mani\u00e8re l\u00e9g\u00e8re et conviviale.<\/p>\n<p class=\" wall-content\">Le tarif est de <strong>11\u00a0euros pour les adultes<\/strong> et de <strong>5\u00a0euros pour les moins de 12\u00a0ans<\/strong>. Vous pouvez r\u00e9server votre place\u00a0via\u00a0<a href=\"https:\/\/www.opera-nancy.fr\/fr\/activity\/1078-le-salon-des-artistes\" target=\"_blank\" rel=\"noopener\">ce lien<\/a>.<\/p>\n<p>Des march\u00e9s d\u2019artistes et d\u2019artisans<\/p>\n<p class=\" wall-content\">Ce week-end avant No\u00ebl, <strong>plusieurs march\u00e9s d\u2019artisans<\/strong> auront lieu \u00e0 Nancy. <strong>Le march\u00e9 \u00ab\u2009L\u2019art et la mani\u00e8re\u2009\u00bb s\u2019installera \u00e0 la MJC des Trois Maisons<\/strong>. De nombreux cr\u00e9ateurs locaux seront pr\u00e9sents pour exposer leurs \u0153uvres\u2009: illustrateurs, c\u00e9ramistes, bijoutiers, peintres\u2026 Il sera ouvert <strong>le samedi de 14h \u00e0 minuit et le dimanche de 11h \u00e0 19h<\/strong>.<\/p>\n<p class=\" wall-content\">Dans les <strong>grands salons de l\u2019h\u00f4tel de ville<\/strong> de Nancy,<strong> l\u2019\u00e9v\u00e9nement \u00ab\u2009Gare \u00e0 l\u2019Art\u2009\u00bb<\/strong> va faire son retour. Une quarantaine de cr\u00e9ateurs professionnels sera pr\u00e9sente. Id\u00e9al pour faire ses derniers cadeaux de No\u00ebl.<\/p>\n<p class=\" wall-content\">Cette 19\u1d49 \u00e9dition aura lieu <strong>le vendredi\u00a019 (14h-21h), le samedi\u00a020 (10h-20h), le dimanche 21\u00a0d\u00e9cembre (10h-18h)<\/strong>.<\/p>\n<p class=\" wall-content\">Personnalisez votre actualit\u00e9 en ajoutant vos villes et m\u00e9dias en favori avec <a href=\"https:\/\/moncompte.actu.fr\" title=\"D\u00e9couvez Mon Actu\" rel=\"nofollow noopener\" data-trk=\"{&quot;cta&quot;:{&quot;action&quot;:&quot;https:\\\/\\\/moncompte.actu.fr&quot;,&quot;category&quot;:&quot;mon compte&quot;,&quot;from&quot;:&quot;article footer&quot;,&quot;name&quot;:&quot;Mon actu&quot;,&quot;type&quot;:&quot;cta&quot;}}\" target=\"_blank\">Mon Actu<\/a>.<\/p>\n","protected":false},"excerpt":{"rendered":"Par Paul-Emile Bouchy Publi\u00e9 le 17 d\u00e9c. 2025 \u00e0 7h02 Apr\u00e8s les pr\u00e9c\u00e9dents week-ends marqu\u00e9s par le grand&hellip;\n","protected":false},"author":2,"featured_media":604639,"comment_status":"","ping_status":"","sticky":false,"template":"","format":"standard","meta":{"footnotes":""},"categories":[9635],"tags":[1111,11,1777,674,1011,27,775,1702,12,25,14334,104],"class_list":{"0":"post-604638","1":"post","2":"type-post","3":"status-publish","4":"format-standard","5":"has-post-thumbnail","7":"category-nancy","8":"tag-actu","9":"tag-actualites","10":"tag-eu","11":"tag-europe","12":"tag-fr","13":"tag-france","14":"tag-grand-est","15":"tag-nancy","16":"tag-news","17":"tag-republique-francaise","18":"tag-saint-nicolas","19":"tag-societe"},"share_on_mastodon":{"url":"https:\/\/pubeurope.com\/@fr\/115733558983132160","error":""},"_links":{"self":[{"href":"https:\/\/www.europesays.com\/fr\/wp-json\/wp\/v2\/posts\/604638","targetHints":{"allow":["GET"]}}],"collection":[{"href":"https:\/\/www.europesays.com\/fr\/wp-json\/wp\/v2\/posts"}],"about":[{"href":"https:\/\/www.europesays.com\/fr\/wp-json\/wp\/v2\/types\/post"}],"author":[{"embeddable":true,"href":"https:\/\/www.europesays.com\/fr\/wp-json\/wp\/v2\/users\/2"}],"replies":[{"embeddable":true,"href":"https:\/\/www.europesays.com\/fr\/wp-json\/wp\/v2\/comments?post=604638"}],"version-history":[{"count":0,"href":"https:\/\/www.europesays.com\/fr\/wp-json\/wp\/v2\/posts\/604638\/revisions"}],"wp:featuredmedia":[{"embeddable":true,"href":"https:\/\/www.europesays.com\/fr\/wp-json\/wp\/v2\/media\/604639"}],"wp:attachment":[{"href":"https:\/\/www.europesays.com\/fr\/wp-json\/wp\/v2\/media?parent=604638"}],"wp:term":[{"taxonomy":"category","embeddable":true,"href":"https:\/\/www.europesays.com\/fr\/wp-json\/wp\/v2\/categories?post=604638"},{"taxonomy":"post_tag","embeddable":true,"href":"https:\/\/www.europesays.com\/fr\/wp-json\/wp\/v2\/tags?post=604638"}],"curies":[{"name":"wp","href":"https:\/\/api.w.org\/{rel}","templated":true}]}}