{"id":604645,"date":"2025-12-17T06:48:18","date_gmt":"2025-12-17T06:48:18","guid":{"rendered":"https:\/\/www.europesays.com\/fr\/604645\/"},"modified":"2025-12-17T06:48:18","modified_gmt":"2025-12-17T06:48:18","slug":"une-grosse-bonbonne-de-protoxyde-dazote-sur-les-genoux-un-conducteur-ivre-arrete-apres-avoir-grille-un-feu-rouge-a-montpellier","status":"publish","type":"post","link":"https:\/\/www.europesays.com\/fr\/604645\/","title":{"rendered":"\u00ab\u00a0Une grosse bonbonne de protoxyde d\u2019azote sur les genoux\u00a0\u00bb\u00a0: un conducteur, ivre, arr\u00eat\u00e9 apr\u00e8s avoir grill\u00e9 un feu rouge \u00e0 Montpellier"},"content":{"rendered":"<p>\n                                                                Un automobiliste de 24 ans a \u00e9t\u00e9 interpell\u00e9 dimanche 14\u00a0d\u00e9cembre \u00e0 Montpellier apr\u00e8s avoir grill\u00e9 un feu rouge. Contr\u00f4l\u00e9 par la police, il pr\u00e9sentait un taux d\u2019alcool d\u00e9lictuel et transportait une bonbonne de protoxyde d\u2019azote sur les genoux. Domicili\u00e9 \u00e0 Castelnau-le-Lez, il est convoqu\u00e9 devant la justice en janvier.\n                            <\/p>\n<p>Le protoxyde d\u2019azote continue de s\u2019inviter dangereusement sur les routes. Pour preuve, ce dimanche 14\u00a0d\u00e9cembre, vers 17\u00a0h\u00a030, rue des Roitelets\u00a0dans le quartier des Aubes \u00e0 Montpellier, des agents de police secours ont interpell\u00e9 un jeune conducteur apr\u00e8s l\u2019avoir surpris en train de griller un feu rouge.<\/p>\n<p>\u00c2g\u00e9 de 24 ans et domicili\u00e9 \u00e0 Castelnau-le-Lez, le mis en cause\u00a0pr\u00e9sentait un comportement laissant supposer une consommation de substances. Le contr\u00f4le a r\u00e9v\u00e9l\u00e9 un taux proche de 0,90\u00a0g d\u2019alcool par litre de sang, soit un taux d\u00e9lictuel. Plus inqui\u00e9tant encore, les policiers ont d\u00e9couvert une grosse bonbonne de protoxyde d\u2019azote pos\u00e9e sur ses genoux.<\/p>\n<p>Convocation devant la justice d\u00e9but 2026<\/p>\n<p>Lors de son audition, le vingtenaire\u00a0a reconnu\u00a0avoir consomm\u00e9 de l\u2019alcool au cours de la soir\u00e9e\u00a0mais a ni\u00e9\u00a0toute inhalation de protoxyde d\u2019azote, affirmant qu\u2019il transportait simplement la bouteille. Remis en libert\u00e9, il devra r\u00e9pondre de ses actes devant la justice le 16\u00a0janvier prochain.<\/p>\n<p>Cette affaire intervient dans un contexte de vigilance accrue autour du protoxyde d\u2019azote, de plus en plus utilis\u00e9 par les jeunes. Longtemps consid\u00e9r\u00e9 comme anodin, ce gaz hilarant\u00a0provoque pourtant des troubles de l\u2019attention et de la coordination, incompatibles avec la conduite.<\/p>\n<p>Apr\u00e8s le r\u00e9cent drame d\u2019Al\u00e8s\u00a0o\u00f9 trois jeunes ont perdu la vie, le d\u00e9bat s\u2019intensifie. Le ministre de la Justice, G\u00e9rald Darmanin, a d\u2019ailleurs r\u00e9cemment indiqu\u00e9 souhaiter l\u2019inscription de ce produit sur la liste des stup\u00e9fiants, alors que l\u2019Office antistup\u00e9fiants (Ofast) alerte sur l\u2019essor de son trafic.<\/p>\n","protected":false},"excerpt":{"rendered":"Un automobiliste de 24 ans a \u00e9t\u00e9 interpell\u00e9 dimanche 14\u00a0d\u00e9cembre \u00e0 Montpellier apr\u00e8s avoir grill\u00e9 un feu rouge.&hellip;\n","protected":false},"author":2,"featured_media":604646,"comment_status":"","ping_status":"","sticky":false,"template":"","format":"standard","meta":{"footnotes":""},"categories":[9599],"tags":[1111,11,1777,674,118,1011,27,7089,2208,12,2680,25],"class_list":{"0":"post-604645","1":"post","2":"type-post","3":"status-publish","4":"format-standard","5":"has-post-thumbnail","7":"category-montpellier","8":"tag-actu","9":"tag-actualites","10":"tag-eu","11":"tag-europe","12":"tag-faits-divers","13":"tag-fr","14":"tag-france","15":"tag-herault","16":"tag-montpellier","17":"tag-news","18":"tag-occitanie","19":"tag-republique-francaise"},"share_on_mastodon":{"url":"https:\/\/pubeurope.com\/@fr\/115733574748722227","error":""},"_links":{"self":[{"href":"https:\/\/www.europesays.com\/fr\/wp-json\/wp\/v2\/posts\/604645","targetHints":{"allow":["GET"]}}],"collection":[{"href":"https:\/\/www.europesays.com\/fr\/wp-json\/wp\/v2\/posts"}],"about":[{"href":"https:\/\/www.europesays.com\/fr\/wp-json\/wp\/v2\/types\/post"}],"author":[{"embeddable":true,"href":"https:\/\/www.europesays.com\/fr\/wp-json\/wp\/v2\/users\/2"}],"replies":[{"embeddable":true,"href":"https:\/\/www.europesays.com\/fr\/wp-json\/wp\/v2\/comments?post=604645"}],"version-history":[{"count":0,"href":"https:\/\/www.europesays.com\/fr\/wp-json\/wp\/v2\/posts\/604645\/revisions"}],"wp:featuredmedia":[{"embeddable":true,"href":"https:\/\/www.europesays.com\/fr\/wp-json\/wp\/v2\/media\/604646"}],"wp:attachment":[{"href":"https:\/\/www.europesays.com\/fr\/wp-json\/wp\/v2\/media?parent=604645"}],"wp:term":[{"taxonomy":"category","embeddable":true,"href":"https:\/\/www.europesays.com\/fr\/wp-json\/wp\/v2\/categories?post=604645"},{"taxonomy":"post_tag","embeddable":true,"href":"https:\/\/www.europesays.com\/fr\/wp-json\/wp\/v2\/tags?post=604645"}],"curies":[{"name":"wp","href":"https:\/\/api.w.org\/{rel}","templated":true}]}}