{"id":604649,"date":"2025-12-17T06:50:12","date_gmt":"2025-12-17T06:50:12","guid":{"rendered":"https:\/\/www.europesays.com\/fr\/604649\/"},"modified":"2025-12-17T06:50:12","modified_gmt":"2025-12-17T06:50:12","slug":"voici-ce-qui-sera-interdit-en-seine-maritime-des-samedi","status":"publish","type":"post","link":"https:\/\/www.europesays.com\/fr\/604649\/","title":{"rendered":"voici ce qui sera interdit en Seine-Maritime d\u00e8s samedi"},"content":{"rendered":"<p>                    Par<br \/>\n        <strong><br \/>\n            <a href=\"https:\/\/actu.fr\/auteur\/julien-bouteiller\" title=\"Consulter tous les articles de Julien Bouteiller\" target=\"_blank\" rel=\"noopener\">Julien Bouteiller<\/a><br \/>\n                    <\/strong><\/p>\n<p>        Publi\u00e9 le<\/p>\n<p>            17 d\u00e9c. 2025 \u00e0 6h44        <\/p>\n<p>Il y a plusieurs traditions \u00e0 l\u2019approche des f\u00eates de fin d\u2019ann\u00e9e\u2009: <a href=\"https:\/\/actu.fr\/normandie\/rouen_76540\/au-marche-de-noel-de-rouen-peut-on-se-remplir-le-ventre-avec-15-euros-en-poche_63518169.html\" target=\"_blank\" rel=\"noopener\">un p\u2019tit vin chaud sur le march\u00e9 de No\u00ebl<\/a>, faire le menu du r\u00e9veillon, le calendrier de l\u2019Avent\u2026 <strong>et les interdictions pr\u00e9fectorales\u2009!<\/strong> Le 12\u00a0d\u00e9cembre 2025, la pr\u00e9fecture de la <a href=\"https:\/\/actu.fr\/76actu\/\" target=\"_blank\" rel=\"noopener\">Seine-Maritime<\/a> a donc publi\u00e9 la liste de ce qui sera <strong>interdit dans le d\u00e9partement durant les f\u00eates.<\/strong><\/p>\n<p>Des interdictions en Seine-Maritime pour les f\u00eates<\/p>\n<p class=\" wall-content\">Comme chaque ann\u00e9e, les autorit\u00e9s ont donc \u00e9tabli certaines mesures \u00ab\u2009afin de garantir la s\u00e9curit\u00e9 des personnes et des biens, ainsi que le bon d\u00e9roulement des festivit\u00e9s de fin d\u2019ann\u00e9e\u2009\u00bb.<\/p>\n<p class=\" wall-content\">Il y a d\u2019abord celles concernant<strong> les feux d\u2019artifice<\/strong>. Ainsi, d\u00e8s le samedi 20\u00a0d\u00e9cembre et jusqu\u2019au 2\u00a0janvier, sont interdits\u2009:<\/p>\n<ul class=\" wall-content\">\n<li>la cession, on\u00e9reuse ou gratuite, d\u2019artifices de cat\u00e9gorie F4 et d\u2019articles pyrotechniques des cat\u00e9gories T2 et P2\u2009;<\/li>\n<li>le transport et l\u2019utilisation, par des particuliers de ces m\u00eames produits\u2009;<\/li>\n<li>l\u2019achat, la vente et la d\u00e9tention de certains artifices des cat\u00e9gories F2 et F3.<\/li>\n<\/ul>\n<p class=\" wall-content\">Le d\u00e9tail des cat\u00e9gories d\u2019artifices concern\u00e9es est trouvable <a href=\"https:\/\/www.gard.gouv.fr\/Actions-de-l-Etat\/Securite-et-protection-de-la-population\/Spectacles-pyrotechniques\/Reglementation-relative-aux-artifices\" target=\"_blank\" rel=\"noopener\">sur ce site<\/a>. Seuls les professionnels qualifi\u00e9s peuvent \u00eatre exempt\u00e9s de cette interdiction.<\/p>\n<p>Vid\u00e9os : en ce moment sur Actu<\/p>\n<p class=\" wall-content\">Viennent ensuite les mesures relatives <strong>aux produits dangereux\u2009:<\/strong><\/p>\n<ul class=\" wall-content\">\n<li>le port, le transport et l\u2019utilisation, sans motif l\u00e9gitime, en contenants individuels, de substances ou m\u00e9langes dangereux, inflammables ou corrosifs <strong>(essence, p\u00e9trole, gaz, alcool \u00e0 br\u00fbler, m\u00e9thanol, white-spirit, ac\u00e9tone, etc.)<\/strong> sont interdits.<\/li>\n<\/ul>\n<p>Votre r\u00e9gion, votre actu !<\/p>\n<p>Recevez chaque jour les infos qui comptent pour vous.<\/p>\n<p>\t<a href=\"https:\/\/actu.fr\/newsletter\" class=\"ac-btn ac-btn--corner ac-btn--medium ac-btn--blue800\" target=\"_blank\" rel=\"noopener\">S&rsquo;incrire<\/a><br \/>\nLa vente d\u2019alcool interdite<\/p>\n<p class=\" wall-content\">Enfin, un autre arr\u00eat\u00e9 vient encadrer la consommation d\u2019alcool. Ainsi\u2009:<\/p>\n<ul class=\" wall-content\">\n<li>du mercredi 31\u00a0d\u00e9cembre 15h, au 1er\u00a0janvier 10h,<strong> la consommation d\u2019alcool est interdite sur la voie publique<\/strong> dans toute la Seine-Maritime, hors terrasses des d\u00e9bits de boissons\u2009;<\/li>\n<li>du mercredi 31\u00a0d\u00e9cembre 20h, au 1er\u00a0janvier 10h, <strong>la vente \u00e0 emporter de boissons alcoolis\u00e9es est interdite<\/strong> sur l\u2019ensemble du d\u00e9partement.<\/li>\n<\/ul>\n<p class=\" wall-content\">Vous voil\u00e0 donc pr\u00e9venus. Il ne reste plus d\u00e9sormais qu\u2019\u00e0 passer de bonnes f\u00eates en toute s\u00e9curit\u00e9.<\/p>\n<p>Les arr\u00eat\u00e9s pr\u00e9fectoraux complets <a href=\"https:\/\/www.seine-maritime.gouv.fr\/contenu\/telechargement\/70519\/497703\/file\/recueil-76-2025-266-recueil-des-actes-administratifs.pdf\" target=\"_blank\" rel=\"noopener\">sont disponibles ici<\/a>.Suivez l\u2019actualit\u00e9 de Rouen <a href=\"https:\/\/www.whatsapp.com\/channel\/0029VaKfnf99hXF2ddApFB1D\" target=\"_blank\" rel=\"noopener\">sur notre cha\u00eene WhatsApp<\/a> et <a href=\"https:\/\/www.tiktok.com\/@76actu.fr?lang=fr\" target=\"_blank\" rel=\"noopener\">sur notre compte TikTok<\/a>Suivez l\u2019actualit\u00e9 du\u00a0Havre <a href=\"https:\/\/www.whatsapp.com\/channel\/0029VaFqJYE8aKvLBwVrEe0o\" target=\"_blank\" rel=\"noopener\">sur notre cha\u00eene WhatsApp<\/a> et <a href=\"https:\/\/www.tiktok.com\/@76actu.fr?lang=fr\" target=\"_blank\" rel=\"noopener\">sur notre compte TikTok<\/a><\/p>\n<p class=\" wall-content\">Personnalisez votre actualit\u00e9 en ajoutant vos villes et m\u00e9dias en favori avec <a href=\"https:\/\/moncompte.actu.fr\" title=\"D\u00e9couvez Mon Actu\" rel=\"nofollow noopener\" data-trk=\"{&quot;cta&quot;:{&quot;action&quot;:&quot;https:\\\/\\\/moncompte.actu.fr&quot;,&quot;category&quot;:&quot;mon compte&quot;,&quot;from&quot;:&quot;article footer&quot;,&quot;name&quot;:&quot;Mon actu&quot;,&quot;type&quot;:&quot;cta&quot;}}\" target=\"_blank\">Mon Actu<\/a>.<\/p>\n<p>                    <script async src=\"\/\/www.tiktok.com\/embed.js\"><\/script><\/p>\n","protected":false},"excerpt":{"rendered":"Par Julien Bouteiller Publi\u00e9 le 17 d\u00e9c. 2025 \u00e0 6h44 Il y a plusieurs traditions \u00e0 l\u2019approche des&hellip;\n","protected":false},"author":2,"featured_media":604650,"comment_status":"","ping_status":"","sticky":false,"template":"","format":"standard","meta":{"footnotes":""},"categories":[9587],"tags":[1111,11,5702,1777,674,16701,1011,27,12,5161,25,9590,104],"class_list":{"0":"post-604649","1":"post","2":"type-post","3":"status-publish","4":"format-standard","5":"has-post-thumbnail","7":"category-rouen","8":"tag-actu","9":"tag-actualites","10":"tag-alcool","11":"tag-eu","12":"tag-europe","13":"tag-feu-dartifice","14":"tag-fr","15":"tag-france","16":"tag-news","17":"tag-normandie","18":"tag-republique-francaise","19":"tag-rouen","20":"tag-societe"},"share_on_mastodon":{"url":"https:\/\/pubeurope.com\/@fr\/115733582602052731","error":""},"_links":{"self":[{"href":"https:\/\/www.europesays.com\/fr\/wp-json\/wp\/v2\/posts\/604649","targetHints":{"allow":["GET"]}}],"collection":[{"href":"https:\/\/www.europesays.com\/fr\/wp-json\/wp\/v2\/posts"}],"about":[{"href":"https:\/\/www.europesays.com\/fr\/wp-json\/wp\/v2\/types\/post"}],"author":[{"embeddable":true,"href":"https:\/\/www.europesays.com\/fr\/wp-json\/wp\/v2\/users\/2"}],"replies":[{"embeddable":true,"href":"https:\/\/www.europesays.com\/fr\/wp-json\/wp\/v2\/comments?post=604649"}],"version-history":[{"count":0,"href":"https:\/\/www.europesays.com\/fr\/wp-json\/wp\/v2\/posts\/604649\/revisions"}],"wp:featuredmedia":[{"embeddable":true,"href":"https:\/\/www.europesays.com\/fr\/wp-json\/wp\/v2\/media\/604650"}],"wp:attachment":[{"href":"https:\/\/www.europesays.com\/fr\/wp-json\/wp\/v2\/media?parent=604649"}],"wp:term":[{"taxonomy":"category","embeddable":true,"href":"https:\/\/www.europesays.com\/fr\/wp-json\/wp\/v2\/categories?post=604649"},{"taxonomy":"post_tag","embeddable":true,"href":"https:\/\/www.europesays.com\/fr\/wp-json\/wp\/v2\/tags?post=604649"}],"curies":[{"name":"wp","href":"https:\/\/api.w.org\/{rel}","templated":true}]}}