{"id":604670,"date":"2025-12-17T07:02:15","date_gmt":"2025-12-17T07:02:15","guid":{"rendered":"https:\/\/www.europesays.com\/fr\/604670\/"},"modified":"2025-12-17T07:02:15","modified_gmt":"2025-12-17T07:02:15","slug":"william-aucant-tete-de-liste-la-france-insoumise-aux-elections-municipales-a-nantes","status":"publish","type":"post","link":"https:\/\/www.europesays.com\/fr\/604670\/","title":{"rendered":"William Aucant, t\u00eate de liste La France Insoumise aux \u00e9lections municipales \u00e0 Nantes"},"content":{"rendered":"<p>T\u00eate de liste La France insoumise aux \u00e9lections municipales \u00e0 Nantes, William Aucant \u00e9tait l&rsquo;invit\u00e9 d&rsquo;ICI Matin ce mercredi.<\/p>\n<p>La France insoumise (LFI) a choisi de partir seule dans la bataille des municipales \u00e0 Nantes. Et c&rsquo;est William Aucant qui sera la t\u00eate de liste. Il aura comme concurrentes, \u00e0 gauche, la maire socialiste sortante Johanna Rolland et l&rsquo;\u00e9cologiste Marie Vitoux. Mais il a peut-\u00eatre plus \u00e0 craindre de Margot Medkour, candidate en 2020 avec le soutien de La France insoumise, et qui repart en campagne municipale, seule cette fois-ci, avec le collectif citoyen \u00ab\u00a0Nantes populaire\u00a0\u00bb.<\/p>\n","protected":false},"excerpt":{"rendered":"T\u00eate de liste La France insoumise aux \u00e9lections municipales \u00e0 Nantes, William Aucant \u00e9tait l&rsquo;invit\u00e9 d&rsquo;ICI Matin ce&hellip;\n","protected":false},"author":2,"featured_media":11291,"comment_status":"","ping_status":"","sticky":false,"template":"","format":"standard","meta":{"footnotes":""},"categories":[2818],"tags":[1111,11,1777,674,1011,27,766,12,2636,25],"class_list":{"0":"post-604670","1":"post","2":"type-post","3":"status-publish","4":"format-standard","5":"has-post-thumbnail","7":"category-nantes","8":"tag-actu","9":"tag-actualites","10":"tag-eu","11":"tag-europe","12":"tag-fr","13":"tag-france","14":"tag-nantes","15":"tag-news","16":"tag-pays-de-la-loire","17":"tag-republique-francaise"},"share_on_mastodon":{"url":"https:\/\/pubeurope.com\/@fr\/115733629898798763","error":""},"_links":{"self":[{"href":"https:\/\/www.europesays.com\/fr\/wp-json\/wp\/v2\/posts\/604670","targetHints":{"allow":["GET"]}}],"collection":[{"href":"https:\/\/www.europesays.com\/fr\/wp-json\/wp\/v2\/posts"}],"about":[{"href":"https:\/\/www.europesays.com\/fr\/wp-json\/wp\/v2\/types\/post"}],"author":[{"embeddable":true,"href":"https:\/\/www.europesays.com\/fr\/wp-json\/wp\/v2\/users\/2"}],"replies":[{"embeddable":true,"href":"https:\/\/www.europesays.com\/fr\/wp-json\/wp\/v2\/comments?post=604670"}],"version-history":[{"count":0,"href":"https:\/\/www.europesays.com\/fr\/wp-json\/wp\/v2\/posts\/604670\/revisions"}],"wp:featuredmedia":[{"embeddable":true,"href":"https:\/\/www.europesays.com\/fr\/wp-json\/wp\/v2\/media\/11291"}],"wp:attachment":[{"href":"https:\/\/www.europesays.com\/fr\/wp-json\/wp\/v2\/media?parent=604670"}],"wp:term":[{"taxonomy":"category","embeddable":true,"href":"https:\/\/www.europesays.com\/fr\/wp-json\/wp\/v2\/categories?post=604670"},{"taxonomy":"post_tag","embeddable":true,"href":"https:\/\/www.europesays.com\/fr\/wp-json\/wp\/v2\/tags?post=604670"}],"curies":[{"name":"wp","href":"https:\/\/api.w.org\/{rel}","templated":true}]}}