{"id":604675,"date":"2025-12-17T07:05:10","date_gmt":"2025-12-17T07:05:10","guid":{"rendered":"https:\/\/www.europesays.com\/fr\/604675\/"},"modified":"2025-12-17T07:05:10","modified_gmt":"2025-12-17T07:05:10","slug":"un-homme-trouve-la-mort-un-autre-grievement-blesse","status":"publish","type":"post","link":"https:\/\/www.europesays.com\/fr\/604675\/","title":{"rendered":"un homme trouve la mort, un autre gri\u00e8vement bless\u00e9"},"content":{"rendered":"<p>                    Par<br \/>\n        <strong><br \/>\n            <a href=\"https:\/\/actu.fr\/auteur\/guillaume-laurens\" title=\"Consulter tous les articles de Guillaume Laurens\" target=\"_blank\" rel=\"noopener\">Guillaume Laurens<\/a><br \/>\n                    <\/strong><\/p>\n<p>        Publi\u00e9 le<\/p>\n<p>            17 d\u00e9c. 2025 \u00e0 7h47        <\/p>\n<p>Un terrible <strong>accident<\/strong> est survenu au niveau de la route d\u2019Espagne \u00e0 <a href=\"https:\/\/actu.fr\/occitanie\/portet-sur-garonne_31433\" target=\"_blank\" rel=\"noopener\"><strong>Portet-sur-Garonne<\/strong><\/a>, au sud de <strong>Toulouse<\/strong>, mardi 16\u00a0d\u00e9cembre 2025, en soir\u00e9e.<\/p>\n<p>Un homme de 45\u00a0ans mort sur place<\/p>\n<p class=\" wall-content\">Les sapeurs-pompiers ont \u00e9t\u00e9 sollicit\u00e9s sur les coups de <strong>22\u00a0heures<\/strong>, mardi, pour intervenir sur un accident impliquant une <strong>moto seule,<\/strong> route d\u2019Espagne, \u00e0 Portet. \u00c0 leur arriv\u00e9e sur les lieux, les secours ont pris en charge <strong>deux victimes<\/strong>.<\/p>\n<p class=\" wall-content\">Un <strong>homme de 45\u00a0ans<\/strong> a \u00e9t\u00e9 retrouv\u00e9 en arr\u00eat cardiaque. Malgr\u00e9 une r\u00e9animation imm\u00e9diate, il n\u2019a pu \u00eatre sauv\u00e9 et a \u00e9t\u00e9 d\u00e9clar\u00e9 <strong>d\u00e9c\u00e9d\u00e9<\/strong> sur place.<\/p>\n<p>Un jeune de 18\u00a0ans hospitalis\u00e9 dans un \u00e9tat grave<\/p>\n<p class=\" wall-content\">\u00c0 ses c\u00f4t\u00e9s se trouvait un <strong>jeune homme de 18\u00a0ans<\/strong>, gravement bless\u00e9. Apr\u00e8s avoir re\u00e7u les premiers soins d\u2019urgence sur place, il a \u00e9t\u00e9 m\u00e9dicalis\u00e9 par le SMUR et \u00e9vacu\u00e9 vers un h\u00f4pital toulousain, dans <strong>\u00ab\u2009un \u00e9tat grave\u2009\u00bb,<\/strong> pr\u00e9cisent les pompiers.<\/p>\n<p>10 pompiers sur place<\/p>\n<p class=\" wall-content\">Le SDIS de la Haute-Garonne a mobilis\u00e9 <strong>10 sapeurs-pompiers<\/strong> et quatre v\u00e9hicules sur cette intervention, depuis les centres de secours de Toulouse-Carsalade et Muret-Massat.<\/p>\n<p>Vid\u00e9os : en ce moment sur Actu<br \/>\n    <a href=\"https:\/\/www.google.com\/maps\/embed?pb=!1m18!1m12!1m3!1d113275.32653205698!2d1.3466612664173072!3d43.54589462024379!2m3!1f0!2f0!3f0!3m2!1i1024!2i768!4f13.1!3m3!1m2!1s0x12aeb975eed917e3%3A0xa34ae83cec267e3d!2sRte%20d%27Espagne!5e0!3m2!1sfr!2sfr!4v1765954188611!5m2!1sfr!2sfr\" title=\"Ouvrie le lien\" target=\"_blank\" rel=\"noopener\">Cliquez ici pour visualiser le contenu<\/a><\/p>\n<p class=\" wall-content\">Personnalisez votre actualit\u00e9 en ajoutant vos villes et m\u00e9dias en favori avec <a href=\"https:\/\/moncompte.actu.fr\" title=\"D\u00e9couvez Mon Actu\" rel=\"nofollow noopener\" data-trk=\"{&quot;cta&quot;:{&quot;action&quot;:&quot;https:\\\/\\\/moncompte.actu.fr&quot;,&quot;category&quot;:&quot;mon compte&quot;,&quot;from&quot;:&quot;article footer&quot;,&quot;name&quot;:&quot;Mon actu&quot;,&quot;type&quot;:&quot;cta&quot;}}\" target=\"_blank\">Mon Actu<\/a>.<\/p>\n","protected":false},"excerpt":{"rendered":"Par Guillaume Laurens Publi\u00e9 le 17 d\u00e9c. 2025 \u00e0 7h47 Un terrible accident est survenu au niveau de&hellip;\n","protected":false},"author":2,"featured_media":604676,"comment_status":"","ping_status":"","sticky":false,"template":"","format":"standard","meta":{"footnotes":""},"categories":[2816],"tags":[119,1111,11,1777,674,118,1011,27,1457,12,2680,25,2312],"class_list":{"0":"post-604675","1":"post","2":"type-post","3":"status-publish","4":"format-standard","5":"has-post-thumbnail","7":"category-toulouse","8":"tag-accident","9":"tag-actu","10":"tag-actualites","11":"tag-eu","12":"tag-europe","13":"tag-faits-divers","14":"tag-fr","15":"tag-france","16":"tag-moto","17":"tag-news","18":"tag-occitanie","19":"tag-republique-francaise","20":"tag-toulouse"},"share_on_mastodon":{"url":"","error":""},"_links":{"self":[{"href":"https:\/\/www.europesays.com\/fr\/wp-json\/wp\/v2\/posts\/604675","targetHints":{"allow":["GET"]}}],"collection":[{"href":"https:\/\/www.europesays.com\/fr\/wp-json\/wp\/v2\/posts"}],"about":[{"href":"https:\/\/www.europesays.com\/fr\/wp-json\/wp\/v2\/types\/post"}],"author":[{"embeddable":true,"href":"https:\/\/www.europesays.com\/fr\/wp-json\/wp\/v2\/users\/2"}],"replies":[{"embeddable":true,"href":"https:\/\/www.europesays.com\/fr\/wp-json\/wp\/v2\/comments?post=604675"}],"version-history":[{"count":0,"href":"https:\/\/www.europesays.com\/fr\/wp-json\/wp\/v2\/posts\/604675\/revisions"}],"wp:featuredmedia":[{"embeddable":true,"href":"https:\/\/www.europesays.com\/fr\/wp-json\/wp\/v2\/media\/604676"}],"wp:attachment":[{"href":"https:\/\/www.europesays.com\/fr\/wp-json\/wp\/v2\/media?parent=604675"}],"wp:term":[{"taxonomy":"category","embeddable":true,"href":"https:\/\/www.europesays.com\/fr\/wp-json\/wp\/v2\/categories?post=604675"},{"taxonomy":"post_tag","embeddable":true,"href":"https:\/\/www.europesays.com\/fr\/wp-json\/wp\/v2\/tags?post=604675"}],"curies":[{"name":"wp","href":"https:\/\/api.w.org\/{rel}","templated":true}]}}