{"id":604687,"date":"2025-12-17T07:14:44","date_gmt":"2025-12-17T07:14:44","guid":{"rendered":"https:\/\/www.europesays.com\/fr\/604687\/"},"modified":"2025-12-17T07:14:44","modified_gmt":"2025-12-17T07:14:44","slug":"les-meilleures-expos-et-visites-pour-les-enfants","status":"publish","type":"post","link":"https:\/\/www.europesays.com\/fr\/604687\/","title":{"rendered":"les meilleures expos et visites pour les enfants"},"content":{"rendered":"<p class=\"editor-content__paragraph\">Pendant les <strong>f\u00eates de fin d\u2019ann\u00e9e<\/strong>, Paris et sa r\u00e9gion offrent un terrain de jeu culturel id\u00e9al o\u00f9 petits et grands peuvent apprendre et s\u2019amuser. Que vous recherchiez des <strong>exp\u00e9riences interactives<\/strong> ou des<strong> sorties f\u00e9eriques<\/strong>, nous avons visit\u00e9 pour vous des <strong>expositions<\/strong> adapt\u00e9es \u00e0 chaque tranche d\u2019\u00e2ge, des <strong>tout-petits<\/strong> de deux ans \u00e0 vos <strong>adolescents<\/strong> passionn\u00e9s de manga.<\/p>\n<p class=\"editor-content__paragraph\">Magie des <strong>arts forains<\/strong>, explorations scientifiques au c\u0153ur des d\u00e9serts ou des jardins, <strong>d\u00e9couvertes ludiques de l\u2019\u00e9conomie<\/strong> et<strong> jolis contes de f\u00e9es<\/strong> au sein d\u2019un ch\u00e2teau\u2026 Pr\u00e9parez-vous \u00e0 vivre de bons moments en famille. Un conseil\u00a0: n\u2019oubliez pas de r\u00e9server pour votre tribu\u00a0!<\/p>\n<p>Pour les 2\u20136\u00a0ans\u00a0: objectif Lune au Bourget<\/p>\n<p>    <img loading=\"lazy\" decoding=\"async\" class=\"image__img\" src=\"https:\/\/www.europesays.com\/fr\/wp-content\/uploads\/2025\/12\/webnawan-petitspassurlalune-hd-05-964x643.jpg\" alt=\"Vue de l\u2019exposition \u00ab\u00a0Petits pas sur la Lune\u00a0\u00bb au mus\u00e9e de l\u2019Air et de l\u2019Espace\" width=\"964\" height=\"643\"\/><\/p>\n<p>Vue de l\u2019exposition \u00ab\u00a0Petits pas sur la Lune\u00a0\u00bb au mus\u00e9e de l\u2019Air et de l\u2019Espace, 2025<\/p>\n<p>    i<\/p>\n<p class=\"legende__cartel\">\u00a9 Cit\u00e9 de l\u2019Espace \/ Photo Nawan<\/p>\n<p class=\"editor-content__paragraph editor-content__paragraph--is-hidden\">5, 4, 3, 2 ,1\u2026 D\u00e9collage imm\u00e9diat pour <strong>les 2\u20136\u00a0ans<\/strong>\u00a0! La nouvelle exposition du <strong>mus\u00e9e de l\u2019Air et de l\u2019Espace du Bourget<\/strong> invite les tout-petits pour une <strong>exploration spatiale<\/strong> en quatre \u00e9tapes\u00a0: la Terre le jour et la nuit, puis la Lune et l\u2019espace. On grimpe <strong>dans une fus\u00e9e<\/strong>, on construit une <strong>cabane lunaire<\/strong>, on saute comme des astronautes et on d\u00e9couvre <strong>de vraies m\u00e9t\u00e9orites<\/strong> pr\u00eat\u00e9es par le Mus\u00e9um. Pour se d\u00e9tendre apr\u00e8s de telles aventures stratosph\u00e9riques, on se pose dans un <strong>coin lecture cosy<\/strong> ou dans l\u2019<strong>espace de jeu Playmobil<\/strong>. C\u2019est un petit pas pour vous, mais, pour eux, c\u2019est un grand bond dans l\u2019imaginaire\u2026<\/p>\n<p>            <strong>Continuez votre lecture<\/strong><\/p>\n<p>\n                et acc\u00e9dez \u00e0 Beaux Arts Magazine<br \/>et \u00e0 tous les contenus web<br \/><strong>en illimit\u00e9 \u00e0 partir de 5,75\u20ac \/ mois<\/strong>\n            <\/p>\n<p class=\"cta-abonnement__log-in\">\n        D\u00e9j\u00e0 abonn\u00e9 ?        <a data-id=\"aHR0cHM6Ly93d3cuYmVhdXhhcnRzLmNvbS9tb24tY29tcHRlLw==\">Connectez-vous<\/a>\n    <\/p>\n<p>            <img data-vllblanksrc=\"https:\/\/www.beauxarts.com\/expos\/que-faire-en-famille-pour-les-vacances-de-noel-a-paris-et-en-ile-de-france-les-meilleures-expos-pour-enfants-et-visites-festives-dans-les-musees\/1\" data-vllsrc=\"https:\/\/www.europesays.com\/fr\/wp-content\/uploads\/2025\/12\/couv-bam-498-232x300.png\" alt=\"\"\/><img data-vllblanksrc=\"https:\/\/www.beauxarts.com\/expos\/que-faire-en-famille-pour-les-vacances-de-noel-a-paris-et-en-ile-de-france-les-meilleures-expos-pour-enfants-et-visites-festives-dans-les-musees\/1\" data-vllsrc=\"https:\/\/www.europesays.com\/fr\/wp-content\/uploads\/2025\/11\/couv-bam-497-1-232x300.png\" alt=\"\"\/>        <\/p>\n","protected":false},"excerpt":{"rendered":"Pendant les f\u00eates de fin d\u2019ann\u00e9e, Paris et sa r\u00e9gion offrent un terrain de jeu culturel id\u00e9al o\u00f9&hellip;\n","protected":false},"author":2,"featured_media":604688,"comment_status":"","ping_status":"","sticky":false,"template":"","format":"standard","meta":{"footnotes":""},"categories":[1592],"tags":[1111,11,71647,71648,1719,1777,674,652,1011,27,662,71650,71649,3404,52782,12,15830,626,25,2528],"class_list":{"0":"post-604687","1":"post","2":"type-post","3":"status-publish","4":"format-standard","5":"has-post-thumbnail","7":"category-ile-de-france","8":"tag-actu","9":"tag-actualites","10":"tag-cite-des-sciences-et-de-lindustrie","11":"tag-citeco-cite-de-leconomie","12":"tag-enfants","13":"tag-eu","14":"tag-europe","15":"tag-famille","16":"tag-fr","17":"tag-france","18":"tag-ile-de-france","19":"tag-musee-de-lair-et-de-lespace","20":"tag-musee-des-arts-forains","21":"tag-musee-national-des-arts-asiatiques-guimet","22":"tag-museum-national-dhistoire-naturelle","23":"tag-news","24":"tag-noel","25":"tag-paris","26":"tag-republique-francaise","27":"tag-vacances"},"share_on_mastodon":{"url":"https:\/\/pubeurope.com\/@fr\/115733677816301262","error":""},"_links":{"self":[{"href":"https:\/\/www.europesays.com\/fr\/wp-json\/wp\/v2\/posts\/604687","targetHints":{"allow":["GET"]}}],"collection":[{"href":"https:\/\/www.europesays.com\/fr\/wp-json\/wp\/v2\/posts"}],"about":[{"href":"https:\/\/www.europesays.com\/fr\/wp-json\/wp\/v2\/types\/post"}],"author":[{"embeddable":true,"href":"https:\/\/www.europesays.com\/fr\/wp-json\/wp\/v2\/users\/2"}],"replies":[{"embeddable":true,"href":"https:\/\/www.europesays.com\/fr\/wp-json\/wp\/v2\/comments?post=604687"}],"version-history":[{"count":0,"href":"https:\/\/www.europesays.com\/fr\/wp-json\/wp\/v2\/posts\/604687\/revisions"}],"wp:featuredmedia":[{"embeddable":true,"href":"https:\/\/www.europesays.com\/fr\/wp-json\/wp\/v2\/media\/604688"}],"wp:attachment":[{"href":"https:\/\/www.europesays.com\/fr\/wp-json\/wp\/v2\/media?parent=604687"}],"wp:term":[{"taxonomy":"category","embeddable":true,"href":"https:\/\/www.europesays.com\/fr\/wp-json\/wp\/v2\/categories?post=604687"},{"taxonomy":"post_tag","embeddable":true,"href":"https:\/\/www.europesays.com\/fr\/wp-json\/wp\/v2\/tags?post=604687"}],"curies":[{"name":"wp","href":"https:\/\/api.w.org\/{rel}","templated":true}]}}