{"id":604695,"date":"2025-12-17T07:20:26","date_gmt":"2025-12-17T07:20:26","guid":{"rendered":"https:\/\/www.europesays.com\/fr\/604695\/"},"modified":"2025-12-17T07:20:26","modified_gmt":"2025-12-17T07:20:26","slug":"au-lendemain-de-lannonce-du-gel-des-tarifs-jean-castex-se-rend-en-auvergne","status":"publish","type":"post","link":"https:\/\/www.europesays.com\/fr\/604695\/","title":{"rendered":"au lendemain de l\u2019annonce du gel des tarifs, Jean Castex se rend en Auvergne"},"content":{"rendered":"<p>Venir \u00e0 Clermont,\u00a0\u00ab\u00a0c&rsquo;est un classique\u00a0\u00bb pour un pr\u00e9sident de la SNCF, avait d\u00e9clar\u00e9 Jean Castex, lors de son audition par la commission du d\u00e9veloppement durable de l&rsquo;Assembl\u00e9e nationale en octobre. L\u2019ancien Premier Ministre est attendu dans la journ\u00e9e dans la capitale auvergnate. Il rencontrera \u00e0 15h \u00e0 l\u2019H\u00f4tel de R\u00e9gion \u00e9lus et associations d\u2019usagers. Une visite qui intervient au lendemain de l\u2019annonce par le ministre des Transports du gel des tarifs des billets sur la ligne Clermont-Paris l\u2019an prochain.\u00a0<\/p>\n<p>Le montant de ce geste tarifaire, qui va concerner 1,9 million d\u2019usagers annuels,\u00a0n\u2019a pas \u00e9t\u00e9 r\u00e9v\u00e9l\u00e9, mais il repr\u00e9sente \u00ab\u00a0un effort financier significatif pour l\u2019\u00c9tat, financ\u00e9 par la r\u00e9alisation d\u2019\u00e9conomies\u00a0\u00bb, indique le communiqu\u00e9, sans autres pr\u00e9cisions. Les usagers affichent, eux, une demie-satisfaction. \u00ab Nous continuions le combat car notre demande est le gel des tarifs jusqu\u2019\u00e0 la fin de la livraison des nouvelles rames, soit fin 2027 \u00bb, r\u00e9agit St\u00e9phanie Picard, fondatrice du collectif des Usagers du train Clermont-Paris.<\/p>\n","protected":false},"excerpt":{"rendered":"Venir \u00e0 Clermont,\u00a0\u00ab\u00a0c&rsquo;est un classique\u00a0\u00bb pour un pr\u00e9sident de la SNCF, avait d\u00e9clar\u00e9 Jean Castex, lors de son&hellip;\n","protected":false},"author":2,"featured_media":604696,"comment_status":"","ping_status":"","sticky":false,"template":"","format":"standard","meta":{"footnotes":""},"categories":[1888],"tags":[17,11,6733,30911,9562,1777,674,1011,27,64022,13392,71652,71651,3052,12,626,1306,1445,25,8727],"class_list":{"0":"post-604695","1":"post","2":"type-post","3":"status-publish","4":"format-standard","5":"has-post-thumbnail","7":"category-paris","8":"tag-17","9":"tag-actualites","10":"tag-auvergne","11":"tag-castex","12":"tag-clermont-paris","13":"tag-eu","14":"tag-europe","15":"tag-fr","16":"tag-france","17":"tag-gel","18":"tag-jean","19":"tag-lannonce","20":"tag-lendemain","21":"tag-ligne","22":"tag-news","23":"tag-paris","24":"tag-regions","25":"tag-rend","26":"tag-republique-francaise","27":"tag-tarifs"},"share_on_mastodon":{"url":"https:\/\/pubeurope.com\/@fr\/115733700513198470","error":""},"_links":{"self":[{"href":"https:\/\/www.europesays.com\/fr\/wp-json\/wp\/v2\/posts\/604695","targetHints":{"allow":["GET"]}}],"collection":[{"href":"https:\/\/www.europesays.com\/fr\/wp-json\/wp\/v2\/posts"}],"about":[{"href":"https:\/\/www.europesays.com\/fr\/wp-json\/wp\/v2\/types\/post"}],"author":[{"embeddable":true,"href":"https:\/\/www.europesays.com\/fr\/wp-json\/wp\/v2\/users\/2"}],"replies":[{"embeddable":true,"href":"https:\/\/www.europesays.com\/fr\/wp-json\/wp\/v2\/comments?post=604695"}],"version-history":[{"count":0,"href":"https:\/\/www.europesays.com\/fr\/wp-json\/wp\/v2\/posts\/604695\/revisions"}],"wp:featuredmedia":[{"embeddable":true,"href":"https:\/\/www.europesays.com\/fr\/wp-json\/wp\/v2\/media\/604696"}],"wp:attachment":[{"href":"https:\/\/www.europesays.com\/fr\/wp-json\/wp\/v2\/media?parent=604695"}],"wp:term":[{"taxonomy":"category","embeddable":true,"href":"https:\/\/www.europesays.com\/fr\/wp-json\/wp\/v2\/categories?post=604695"},{"taxonomy":"post_tag","embeddable":true,"href":"https:\/\/www.europesays.com\/fr\/wp-json\/wp\/v2\/tags?post=604695"}],"curies":[{"name":"wp","href":"https:\/\/api.w.org\/{rel}","templated":true}]}}