{"id":604703,"date":"2025-12-17T07:24:49","date_gmt":"2025-12-17T07:24:49","guid":{"rendered":"https:\/\/www.europesays.com\/fr\/604703\/"},"modified":"2025-12-17T07:24:49","modified_gmt":"2025-12-17T07:24:49","slug":"limmigration-europeenne-au-royaume-uni-en-baisse-mais-quen-est-il-des-francais","status":"publish","type":"post","link":"https:\/\/www.europesays.com\/fr\/604703\/","title":{"rendered":"L\u2019immigration europ\u00e9enne au Royaume-Uni en baisse: mais qu\u2019en est-il des Fran\u00e7ais?"},"content":{"rendered":"<p>Et la tendance s\u2019est donc confirm\u00e9e avec les nouveaux chiffres d\u00e9voil\u00e9s par le minist\u00e8re de l\u2019Int\u00e9rieur jeudi 27 novembre qui montrent une nouvelle baisse de 70,000 ressortissants au cours de l\u2019ann\u00e9e 2025. On est loin du solde migratoire net positif de 322,000 immigr\u00e9s europ\u00e9ens enregistr\u00e9 il y a presque dix ans, en juin 2016, ann\u00e9e du r\u00e9f\u00e9rendum sur le Brexit.<\/p>\n<p>Dans le d\u00e9tail, et toujours selon l\u2019\u00e9tude de l\u2019Office National de Statistiques (ONS), 85,000 ressortissants de l\u2019Union europ\u00e9enne ont immigr\u00e9 au cours de l\u2019ann\u00e9e civile de juin 2025 au Royaume-Uni (soit une augmentation de 9%) sur l\u2019estimation globale (comptabilisant Europ\u00e9ens et non Europ\u00e9ens) des 898,000 personnes. Les personnes b\u00e9n\u00e9ficiant du settled status repr\u00e9sentaient 53% (soit 45,000) et les ressortissants voyageant avec un visa repr\u00e9sentaient 38% (soit 32,000), le reste \u00e9tant des citoyens irlandais (donc b\u00e9n\u00e9ficiant d\u2019un autre statut).<\/p>\n<p>Plus pr\u00e9cis\u00e9ment, 8,000 Fran\u00e7ais sont arriv\u00e9s sur le sol britannique au cours de 2025, autant que les Italiens (8,000) mais loin derri\u00e8re les Roumains (14,000). Dans le d\u00e9compte, 6,000 visas ont \u00e9t\u00e9 d\u00e9livr\u00e9s \u00e0 des Fran\u00e7ais cette ann\u00e9e, en augmentation par rapport \u00e0 2024 (5,000) mais au m\u00eame niveau qu\u2019en 2023. 3,000 concernaient des visas de travail et 2,000 des visas pour des \u00e9tudes. Aussi, 2,000 ressortissants fran\u00e7ais d\u00e9tenteurs du settled status se sont r\u00e9install\u00e9s sur le sol britannique durant l\u2019ann\u00e9e allant jusqu\u2019en juin 2025. Un chiffre stable sur les trois derni\u00e8res ann\u00e9es, mais en baisse depuis 2021, o\u00f9 leur nombre \u00e9tait de 12,000.<\/p>\n<p>Parall\u00e8lement, 2,000 Fran\u00e7ais sont rentr\u00e9s chez eux au cours de 2025, le terme de leur visa de travail ou d\u2019\u00e9tudiant \u00e9tant termin\u00e9. Par ailleurs, sur les 95,000 ressortissants europ\u00e9ens qui ont d\u00e9cid\u00e9 de quitter le Royaume-Uni \u00e0 juin 2025, 6,000 \u00e9taient des Fran\u00e7ais d\u00e9tenteurs du settled status. Un chiffre similaire \u00e0 l\u2019an dernier, tandis qu\u2019en cumul\u00e9 entre 2021 et 2022 ils avaient \u00e9t\u00e9 20,000 et 8,000 en 2023.<\/p>\n","protected":false},"excerpt":{"rendered":"Et la tendance s\u2019est donc confirm\u00e9e avec les nouveaux chiffres d\u00e9voil\u00e9s par le minist\u00e8re de l\u2019Int\u00e9rieur jeudi 27&hellip;\n","protected":false},"author":2,"featured_media":604704,"comment_status":"","ping_status":"","sticky":false,"template":"","format":"standard","meta":{"footnotes":""},"categories":[1588],"tags":[11,1777,674,11615,1061,12,473,1853,1851,1850,1852,4392],"class_list":{"0":"post-604703","1":"post","2":"type-post","3":"status-publish","4":"format-standard","5":"has-post-thumbnail","7":"category-royaume-uni","8":"tag-actualites","9":"tag-eu","10":"tag-europe","11":"tag-featured","12":"tag-immigration","13":"tag-news","14":"tag-royaume-uni","15":"tag-royaume-uni-de-grande-bretagne-et-dirlande-du-nord","16":"tag-uk","17":"tag-united-kingdom","18":"tag-united-kingdom-of-great-britain-and-northern-ireland","19":"tag-visa"},"share_on_mastodon":{"url":"https:\/\/pubeurope.com\/@fr\/115733720148265503","error":""},"_links":{"self":[{"href":"https:\/\/www.europesays.com\/fr\/wp-json\/wp\/v2\/posts\/604703","targetHints":{"allow":["GET"]}}],"collection":[{"href":"https:\/\/www.europesays.com\/fr\/wp-json\/wp\/v2\/posts"}],"about":[{"href":"https:\/\/www.europesays.com\/fr\/wp-json\/wp\/v2\/types\/post"}],"author":[{"embeddable":true,"href":"https:\/\/www.europesays.com\/fr\/wp-json\/wp\/v2\/users\/2"}],"replies":[{"embeddable":true,"href":"https:\/\/www.europesays.com\/fr\/wp-json\/wp\/v2\/comments?post=604703"}],"version-history":[{"count":0,"href":"https:\/\/www.europesays.com\/fr\/wp-json\/wp\/v2\/posts\/604703\/revisions"}],"wp:featuredmedia":[{"embeddable":true,"href":"https:\/\/www.europesays.com\/fr\/wp-json\/wp\/v2\/media\/604704"}],"wp:attachment":[{"href":"https:\/\/www.europesays.com\/fr\/wp-json\/wp\/v2\/media?parent=604703"}],"wp:term":[{"taxonomy":"category","embeddable":true,"href":"https:\/\/www.europesays.com\/fr\/wp-json\/wp\/v2\/categories?post=604703"},{"taxonomy":"post_tag","embeddable":true,"href":"https:\/\/www.europesays.com\/fr\/wp-json\/wp\/v2\/tags?post=604703"}],"curies":[{"name":"wp","href":"https:\/\/api.w.org\/{rel}","templated":true}]}}