{"id":604705,"date":"2025-12-17T07:26:14","date_gmt":"2025-12-17T07:26:14","guid":{"rendered":"https:\/\/www.europesays.com\/fr\/604705\/"},"modified":"2025-12-17T07:26:14","modified_gmt":"2025-12-17T07:26:14","slug":"allemagne-la-bundeswehr-recoit-son-premier-helicoptere-sea-tiger","status":"publish","type":"post","link":"https:\/\/www.europesays.com\/fr\/604705\/","title":{"rendered":"Allemagne : la Bundeswehr re\u00e7oit son premier h\u00e9licopt\u00e8re \u00ab\u00a0Sea Tiger\u00a0\u00bb"},"content":{"rendered":"<p>\n  Par&amp;nbsp<b>Johanna Urbancik<\/b>\n<\/p>\n<p>\n         Publi\u00e9 le<br \/>\n            17\/12\/2025 &#8211; 8:17 UTC+1\n            <\/p>\n<p>La marine allemande se modernise : le premier h\u00e9licopt\u00e8re Sea Tiger a atterri ce mardi dans les locaux du minist\u00e8re de la D\u00e9fense \u00e0 Berlin. Un v\u00e9ritable bond en avant pour la Bundeswehr, selon le ministre Boris Pistorius, qui a pr\u00e9cis\u00e9 que l&rsquo;appareil remplacera les anciens mod\u00e8les Sea Lynx et sera capable de d\u00e9tecter et de combattre les sous-marins \u00e0 l&rsquo;avenir.<\/p>\n<p>Le Sea Tiger peut repousser des menaces a\u00e9riennes, d\u00e9ployer des torpilles et des missiles ciblant la mer en tant que syst\u00e8me d&rsquo;armement, et peut \u00e9galement \u00eatre utilis\u00e9 pour de la reconnaissance maritime et le sauvetage en mer.<\/p>\n<p>\u00ab\u00a0Cet \u00e9quipement ultramoderne pour la Bundeswehr est \u00e9galement n\u00e9cessaire, notamment pour la marine. Poutine continue de moderniser massivement sa marine. Il n&rsquo;en a gu\u00e8re besoin en Ukraine, voire pas du tout. La flotte de la mer Noire est une chose, mais la flotte de l&rsquo;Atlantique Nord en est une autre. Cela signifie qu&rsquo;en tant qu&rsquo;OTAN, en tant que R\u00e9publique f\u00e9d\u00e9rale d&rsquo;Allemagne, nous sommes appel\u00e9s \u00e0 \u00e9quiper rapidement et mieux nos forces arm\u00e9es en mer\u00a0\u00bb, affirme Boris \u00a8Pistorius.<\/p>\n<p>Le Sea Tiger ouvre de nouvelles possibilit\u00e9s pour les op\u00e9rations de combat maritime depuis les airs. Il aide la flotte \u00e0 d\u00e9ployer efficacement les fr\u00e9gates et \u00e0 obtenir une image pr\u00e9cise de la situation dans la zone. La rapidit\u00e9 de l&rsquo;acquisition montre que la Bundeswehr modernise ses capacit\u00e9s rapidement et de mani\u00e8re cibl\u00e9e, affirme Boris Pistorius. Pour la marine, le Sea Tiger est un signal clair : la flotte est pr\u00eate \u00e0 remplir ses missions nationales et celles de l&rsquo;OTAN.<\/p>\n<p>Des n\u00e9gociations sur une \u00e9ventuelle fin de la guerre en Ukraine ont eu lieu lundi \u00e0 Berlin. Mais la menace russe demeure. Le premier h\u00e9licopt\u00e8re a donc \u00e9t\u00e9 remis aujourd&rsquo;hui pour permettre \u00e0 la Bundeswehr et \u00e0 la marine de se d\u00e9fendre. Avec une trentaine d&rsquo;appareils, la Bundeswehr devrait \u00e0 l&rsquo;avenir disposer de la plus grande flotte au monde.<\/p>\n","protected":false},"excerpt":{"rendered":"Par&amp;nbspJohanna Urbancik Publi\u00e9 le 17\/12\/2025 &#8211; 8:17 UTC+1 La marine allemande se modernise : le premier h\u00e9licopt\u00e8re Sea&hellip;\n","protected":false},"author":2,"featured_media":604706,"comment_status":"","ping_status":"","sticky":false,"template":"","format":"standard","meta":{"footnotes":""},"categories":[1587],"tags":[11,672,31467,1898,1804,1805,1803,1777,674,1801,12,1802,132],"class_list":{"0":"post-604705","1":"post","2":"type-post","3":"status-publish","4":"format-standard","5":"has-post-thumbnail","7":"category-allemagne","8":"tag-actualites","9":"tag-allemagne","10":"tag-armee-allemande","11":"tag-berlin","12":"tag-bundesrepublik-deutschland","13":"tag-de","14":"tag-deutschland","15":"tag-eu","16":"tag-europe","17":"tag-germany","18":"tag-news","19":"tag-republique-federale-dallemagne","20":"tag-russie"},"share_on_mastodon":{"url":"https:\/\/pubeurope.com\/@fr\/115733724137403062","error":""},"_links":{"self":[{"href":"https:\/\/www.europesays.com\/fr\/wp-json\/wp\/v2\/posts\/604705","targetHints":{"allow":["GET"]}}],"collection":[{"href":"https:\/\/www.europesays.com\/fr\/wp-json\/wp\/v2\/posts"}],"about":[{"href":"https:\/\/www.europesays.com\/fr\/wp-json\/wp\/v2\/types\/post"}],"author":[{"embeddable":true,"href":"https:\/\/www.europesays.com\/fr\/wp-json\/wp\/v2\/users\/2"}],"replies":[{"embeddable":true,"href":"https:\/\/www.europesays.com\/fr\/wp-json\/wp\/v2\/comments?post=604705"}],"version-history":[{"count":0,"href":"https:\/\/www.europesays.com\/fr\/wp-json\/wp\/v2\/posts\/604705\/revisions"}],"wp:featuredmedia":[{"embeddable":true,"href":"https:\/\/www.europesays.com\/fr\/wp-json\/wp\/v2\/media\/604706"}],"wp:attachment":[{"href":"https:\/\/www.europesays.com\/fr\/wp-json\/wp\/v2\/media?parent=604705"}],"wp:term":[{"taxonomy":"category","embeddable":true,"href":"https:\/\/www.europesays.com\/fr\/wp-json\/wp\/v2\/categories?post=604705"},{"taxonomy":"post_tag","embeddable":true,"href":"https:\/\/www.europesays.com\/fr\/wp-json\/wp\/v2\/tags?post=604705"}],"curies":[{"name":"wp","href":"https:\/\/api.w.org\/{rel}","templated":true}]}}