{"id":604716,"date":"2025-12-17T07:35:13","date_gmt":"2025-12-17T07:35:13","guid":{"rendered":"https:\/\/www.europesays.com\/fr\/604716\/"},"modified":"2025-12-17T07:35:13","modified_gmt":"2025-12-17T07:35:13","slug":"le-tours-vb-qualifie-dans-la-douleur-en-demi-finales-aux-depens-de-saint-nazaire","status":"publish","type":"post","link":"https:\/\/www.europesays.com\/fr\/604716\/","title":{"rendered":"le Tours VB qualifi\u00e9 dans la douleur en demi-finales aux d\u00e9pens de Saint-Nazaire"},"content":{"rendered":"<p><strong>Tours\u00a0&#8211; Saint-Nazaire\u00a0: 3-2<\/strong><\/p>\n<p>Un gros ouf de soulagement\u00a0! Oui, Tours s\u2019est fait peur, ce mardi 16\u00a0d\u00e9cembre, dans sa salle Grenon. Mais face \u00e0 un Saint-Nazaire aussi revanchard qu\u2019il pouvait l\u2019\u00eatre, le TVB a fini la soir\u00e9e avec la joie du vainqueur, billet pour les demi-finales de la Coupe de France en poche, au terme d\u2019un match o\u00f9 il aura altern\u00e9 domination extr\u00eame et baisse de r\u00e9gime inqui\u00e9tante (3-2).<\/p>\n<p>On a en effet \u00e9t\u00e9 bien loin du match de championnat remport\u00e9 en trois sets secs face \u00e0 ces m\u00eames Nazairiens, <a target=\"_self\" href=\"https:\/\/www.lanouvellerepublique.fr\/tours\/le-tours-vb-fait-plier-saint-nazaire-et-prend-les-commandes-de-la-msl-1764454985\" rel=\"noopener\">deux semaines plus t\u00f4t<\/a>. Cette fois, le duel s\u2019est \u00e9tir\u00e9, et le suspense a emmen\u00e9 le public tourangeau jusqu\u2019au tie-break, avant l\u2019heureuse conclusion.<\/p>\n<p>On aurait pu s\u2019en douter, tant la premi\u00e8re manche a donn\u00e9 le ton de la soir\u00e9e. Car si le TVB l\u2019a emport\u00e9e 25-22, cela a surtout \u00e9t\u00e9 le r\u00e9sultat d\u2019une acc\u00e9l\u00e9ration salvatrice en fin de set, o\u00f9, \u00e0 15-15, Tours a hauss\u00e9 le ton au block-d\u00e9fense pour multiplier les situations de contre-attaques, bien converties par Kavogo ou Strehlau (20-16).<\/p>\n<p>Saint-Nazaire a certes su revenir \u00e0 deux petits points sur un ace de Filip John (24-22) \u2013 le fameux pointu allemand absent du premier match, et cette fois meilleur marqueur de la rencontre avec 23 points. Mais sa mise en jeu rat\u00e9e qui a suivi a offert la manche au TVB. Le combat ne faisait alors que commencer.<\/p>\n<p>Zeljko Coric touch\u00e9, mais pas coul\u00e9<\/p>\n<p>La preuve avec ce deuxi\u00e8me set, encore plus disput\u00e9, la faute \u00e0 des Nazairiens agressifs, qui ont fait vaciller la r\u00e9ception tourangelle (24\u00a0%) et profit\u00e9 d\u2019une perte d\u2019intensit\u00e9 au service de la part des locaux (4-7). Malgr\u00e9 tout, les joueurs d\u2019Igor Juricic parvenaient \u00e0 reprendre l\u2019ascendant&#8230;. <\/p>\n<p>    Cet article a \u00e9t\u00e9 tronqu\u00e9. Abonnez-vous pour lire l&rsquo;article complet sur notre site.<\/p>\n<p style=\"margin: 0 !important; padding: 0 !important; font-size: 12px !important;\">Cet article a \u00e9t\u00e9 tronqu\u00e9. Abonnez-vous pour lire l&rsquo;article complet.<\/p>\n<p>    <a href=\"https:\/\/www.lanouvellerepublique.fr\/abonnements\" style=\"display: inline-block; margin-top: 5px !important; padding: 6px 12px !important; background: #cb1c27; color: white; text-decoration: none; border-radius: 4px; font-size: 12px !important;\" target=\"_blank\" rel=\"noopener\"><br \/>\n      S&rsquo;abonner<br \/>\n    <\/a><\/p>\n","protected":false},"excerpt":{"rendered":"Tours\u00a0&#8211; Saint-Nazaire\u00a0: 3-2 Un gros ouf de soulagement\u00a0! Oui, Tours s\u2019est fait peur, ce mardi 16\u00a0d\u00e9cembre, dans sa&hellip;\n","protected":false},"author":2,"featured_media":604717,"comment_status":"","ping_status":"","sticky":false,"template":"","format":"standard","meta":{"footnotes":""},"categories":[1417],"tags":[1392,19740,1011,27,1387,60,1390,1471,2767,1470,1469],"class_list":{"0":"post-604716","1":"post","2":"type-post","3":"status-publish","4":"format-standard","5":"has-post-thumbnail","7":"category-volley","8":"tag-a-la-une-local","9":"tag-coupe-de-france-volley","10":"tag-fr","11":"tag-france","12":"tag-indre-et-loire","13":"tag-sports","14":"tag-tours","15":"tag-tours-volley-ball","16":"tag-tvb-37","17":"tag-volley","18":"tag-volleyball"},"share_on_mastodon":{"url":"https:\/\/pubeurope.com\/@fr\/115733759516672692","error":""},"_links":{"self":[{"href":"https:\/\/www.europesays.com\/fr\/wp-json\/wp\/v2\/posts\/604716","targetHints":{"allow":["GET"]}}],"collection":[{"href":"https:\/\/www.europesays.com\/fr\/wp-json\/wp\/v2\/posts"}],"about":[{"href":"https:\/\/www.europesays.com\/fr\/wp-json\/wp\/v2\/types\/post"}],"author":[{"embeddable":true,"href":"https:\/\/www.europesays.com\/fr\/wp-json\/wp\/v2\/users\/2"}],"replies":[{"embeddable":true,"href":"https:\/\/www.europesays.com\/fr\/wp-json\/wp\/v2\/comments?post=604716"}],"version-history":[{"count":0,"href":"https:\/\/www.europesays.com\/fr\/wp-json\/wp\/v2\/posts\/604716\/revisions"}],"wp:featuredmedia":[{"embeddable":true,"href":"https:\/\/www.europesays.com\/fr\/wp-json\/wp\/v2\/media\/604717"}],"wp:attachment":[{"href":"https:\/\/www.europesays.com\/fr\/wp-json\/wp\/v2\/media?parent=604716"}],"wp:term":[{"taxonomy":"category","embeddable":true,"href":"https:\/\/www.europesays.com\/fr\/wp-json\/wp\/v2\/categories?post=604716"},{"taxonomy":"post_tag","embeddable":true,"href":"https:\/\/www.europesays.com\/fr\/wp-json\/wp\/v2\/tags?post=604716"}],"curies":[{"name":"wp","href":"https:\/\/api.w.org\/{rel}","templated":true}]}}