{"id":604722,"date":"2025-12-17T07:41:12","date_gmt":"2025-12-17T07:41:12","guid":{"rendered":"https:\/\/www.europesays.com\/fr\/604722\/"},"modified":"2025-12-17T07:41:12","modified_gmt":"2025-12-17T07:41:12","slug":"theo-thomas-il-ne-faut-pas-etre-trop-gourmand-actualite","status":"publish","type":"post","link":"https:\/\/www.europesays.com\/fr\/604722\/","title":{"rendered":"Th\u00e9o Thomas : \u00ab Il ne faut pas \u00eatre trop gourmand \u00bb &#8211; Actualit\u00e9"},"content":{"rendered":"<p style=\"text-align: justify;\"><strong><a href=\"https:\/\/www.directvelo.com\/coureur\/24644\/theo-thomas\" target=\"_blank\" rel=\"noopener\">Th\u00e9o Thomas<\/a>\u00a0est \u00e0 sa place. Du moins, dans les conditions actuelles. Diminu\u00e9 par quelques petits probl\u00e8mes de sant\u00e9, le coureur de 24 ans a longtemps jou\u00e9 une place aux portes du Top 10 sur le circuit de Coupe du Monde de Namur,\u00a0<a href=\"https:\/\/www.directvelo.com\/epreuve\/48819\/cc-namur-coupe-du-monde-elite-2025\" target=\"_blank\" rel=\"noopener\">avant de voir bon nombre de coureurs lui passer devant<\/a> durant le dernier quart d\u2019heure de course. Une situation certes frustrante mais qu\u2019il accepte avec lucidit\u00e9 puisqu\u2019en mesure de la comprendre. Il anticipe d\u2019ailleurs de probables sc\u00e9narios identiques dans les semaines \u00e0 venir, comme il l\u2019a expliqu\u00e9 \u00e0 DirectVelo apr\u00e8s la course. <br \/><\/strong><\/p>\n<p style=\"text-align: justify;\">DirectVelo : Raconte-nous cette heure de course \u00e0 Namur, comment \u00e9tait-ce ?\u00a0 <br \/>Th\u00e9o Thomas : J\u2019\u00e9tais arriv\u00e9 ici avec l\u2019id\u00e9e de ne pas reproduire ce que j\u2019avais fait \u00e0 Tabor, \u00e0 savoir me retrouver tr\u00e8s vite dans le Top 20 voire le Top 15. J\u2019ai pr\u00e9f\u00e9r\u00e9 prendre, cette fois-ci, un d\u00e9part prudent aux alentours de la trenti\u00e8me place. Dans un deuxi\u00e8me temps, j\u2019ai tent\u00e9 de ne pas faire d\u2019erreurs, avec l\u2019id\u00e9e de mont\u00e9e en puissance petit \u00e0 petit. J\u2019ai bien r\u00e9ussi \u00e0 le faire, jusqu\u2019au troisi\u00e8me tour o\u00f9 j\u2019ai crev\u00e9 de la roue avant. Je venais de me mettre en route et \u00e7a m\u2019a donc retard\u00e9. Mais je ne me suis pas d\u00e9mobilis\u00e9, j\u2019ai gard\u00e9 mon rythme en ne prenant pas trop de risques car je ne suis pas tr\u00e8s \u00e0 l\u2019aise techniquement pour le moment cette saison. \u00c7a s&rsquo;est plut\u00f4t bien pass\u00e9, m\u00eame si j\u2019ai commenc\u00e9 \u00e0 ne plus avoir d\u2019\u00e9nergie \u00e0 deux tours de la fin, alors que les autres continuaient sur le m\u00eame rythme. Et j\u2019ai perdu une dizaine de places\u2026<br \/>C\u2019est vrai que tu es longtemps rest\u00e9 dans le Top 15\u2026<br \/>Oui, j\u2019\u00e9tais 13e derri\u00e8re (Tibor) Del Grosso, c\u2019\u00e9tait plut\u00f4t positif. Mais je savais que je n\u2019\u00e9tais pas en capacit\u00e9 d\u2019acc\u00e9l\u00e9rer. J\u2019ai accept\u00e9 d\u2019\u00eatre doubl\u00e9 par plusieurs mecs \u00e0 la fin. Je ne suis pas d\u00e9\u00e7u, je connais les raisons et j\u2019imagine que ce sera encore souvent comme \u00e7a pour le moment, malheureusement.<br \/>\u00ab \u00c0 LA PEDALE, IL Y A MOYEN DE JOUER \u00bb <br \/>Namur, c\u2019est toujours particulier !<br \/>Il y a tellement de changements de rythme\u2026 Tu ne restes pas un tour avec les m\u00eames coureurs, les places bougent. Namur, c\u2019est un contre-la-montre sur une heure. J\u2019avais les capacit\u00e9s pour faire dans les 15, je pense, mais la fatigue s\u2019accumule durant une heure de course d\u2019autant que j\u2019ai quelques probl\u00e8mes de sant\u00e9 en ce moment. Je ne peux pas pr\u00e9tendre \u00e0 pouvoir acc\u00e9l\u00e9rer. <br \/>Tu fais quand m\u00eame jeu \u00e9gal avec des costauds !<br \/>Je pense qu\u2019\u00e0 la p\u00e9dale, il y a moyen de jouer un peu plus haut, mais il ne faut pas \u00eatre trop gourmand. Je me dis que \u00e7a va venir avec le temps. Cette saison, c\u2019est une remise en route. Il faut aussi r\u00e9gler les petits d\u00e9tails qui ne vont pas pour terminer les courses correctement. Niveau calendrier, j\u2019ai fait le choix de ne pas m\u2019\u00e9parpiller \u00e0 tout faire. Tu peux vite le payer. Je pr\u00e9f\u00e8re me concentrer sur quelques rendez-vous pr\u00e9cis. Je ne peux pas me permettre d\u2019accumuler trop de fatigue car je ne r\u00e9cup\u00e8re pas aussi bien que les autres. Je dois \u00e9couter mon corps qui me fait comprendre que parfois, \u00e7a ne va pas. <\/p>\n","protected":false},"excerpt":{"rendered":"Th\u00e9o Thomas\u00a0est \u00e0 sa place. Du moins, dans les conditions actuelles. Diminu\u00e9 par quelques petits probl\u00e8mes de sant\u00e9,&hellip;\n","protected":false},"author":2,"featured_media":604723,"comment_status":"","ping_status":"","sticky":false,"template":"","format":"standard","meta":{"footnotes":""},"categories":[1411],"tags":[834,828,836,829,837,827,83,826,824,823,1154,207,814,817,815,816,822,821,832,211,839,1011,27,820,818,819,835,831,830,833,838,60,212,208,825],"class_list":{"0":"post-604722","1":"post","2":"type-post","3":"status-publish","4":"format-standard","5":"has-post-thumbnail","7":"category-cyclisme","8":"tag-attaque","9":"tag-belgique","10":"tag-braquet","11":"tag-bretagne","12":"tag-chute","13":"tag-competition","14":"tag-coupe-de-france","15":"tag-coureur","16":"tag-course-cyclisme","17":"tag-course-cycliste","18":"tag-cycling","19":"tag-cyclisme","20":"tag-direct","21":"tag-direct-velo","22":"tag-directvelo","23":"tag-directvelo-com","24":"tag-epreuve","25":"tag-epreuve-cycliste","26":"tag-federation-francaise-de-cyclisme","27":"tag-ffc","28":"tag-flandres","29":"tag-fr","30":"tag-france","31":"tag-live","32":"tag-live-course","33":"tag-live-epreuve","34":"tag-peloton","35":"tag-radio-peloton","36":"tag-radio-tour","37":"tag-ravitaillement","38":"tag-relance","39":"tag-sports","40":"tag-uci","41":"tag-velo","42":"tag-velos"},"share_on_mastodon":{"url":"https:\/\/pubeurope.com\/@fr\/115733783153202803","error":""},"_links":{"self":[{"href":"https:\/\/www.europesays.com\/fr\/wp-json\/wp\/v2\/posts\/604722","targetHints":{"allow":["GET"]}}],"collection":[{"href":"https:\/\/www.europesays.com\/fr\/wp-json\/wp\/v2\/posts"}],"about":[{"href":"https:\/\/www.europesays.com\/fr\/wp-json\/wp\/v2\/types\/post"}],"author":[{"embeddable":true,"href":"https:\/\/www.europesays.com\/fr\/wp-json\/wp\/v2\/users\/2"}],"replies":[{"embeddable":true,"href":"https:\/\/www.europesays.com\/fr\/wp-json\/wp\/v2\/comments?post=604722"}],"version-history":[{"count":0,"href":"https:\/\/www.europesays.com\/fr\/wp-json\/wp\/v2\/posts\/604722\/revisions"}],"wp:featuredmedia":[{"embeddable":true,"href":"https:\/\/www.europesays.com\/fr\/wp-json\/wp\/v2\/media\/604723"}],"wp:attachment":[{"href":"https:\/\/www.europesays.com\/fr\/wp-json\/wp\/v2\/media?parent=604722"}],"wp:term":[{"taxonomy":"category","embeddable":true,"href":"https:\/\/www.europesays.com\/fr\/wp-json\/wp\/v2\/categories?post=604722"},{"taxonomy":"post_tag","embeddable":true,"href":"https:\/\/www.europesays.com\/fr\/wp-json\/wp\/v2\/tags?post=604722"}],"curies":[{"name":"wp","href":"https:\/\/api.w.org\/{rel}","templated":true}]}}