{"id":604726,"date":"2025-12-17T07:43:12","date_gmt":"2025-12-17T07:43:12","guid":{"rendered":"https:\/\/www.europesays.com\/fr\/604726\/"},"modified":"2025-12-17T07:43:12","modified_gmt":"2025-12-17T07:43:12","slug":"francoise-brion-actrice-et-visage-de-la-nouvelle-vague-est-decedee-a-92-ans","status":"publish","type":"post","link":"https:\/\/www.europesays.com\/fr\/604726\/","title":{"rendered":"Fran\u00e7oise Brion, actrice et visage de la Nouvelle Vague, est d\u00e9c\u00e9d\u00e9e \u00e0 92 ans"},"content":{"rendered":"<p>Malgr\u00e9 une carri\u00e8re foisonnante, elle n\u2019a jamais acc\u00e9d\u00e9 au rang de vedette. Fran\u00e7oise Brion, qui fut en vogue au cin\u00e9ma \u00e0 l\u2019\u00e9poque de la <a href=\"https:\/\/www.20minutes.fr\/culture\/diaporama-14769-raymond-cauchetier-photos-nouvelle-vague-galerie-instant\" class=\"c-link c-link--is-underlined\" target=\"_blank\" rel=\"noopener\">Nouvelle Vague<\/a>, est d\u00e9c\u00e9d\u00e9e \u00e0 Paris vendredi \u00e0 l\u2019\u00e2ge de 92 ans, ont annonc\u00e9 mardi ses enfants Diane et Simon Doniol-Valcroze \u00e0 l\u2019AFP.<\/p>\n<p>De son vrai nom Fran\u00e7oise German de Ribon, l\u2019actrice \u00e9tudie au Conservatoire d\u2019art dramatique de Paris. L\u2019un de ses copains, <a href=\"https:\/\/www.20minutes.fr\/arts-stars\/cinema\/3117459-20210906-mort-jean-paul-belmondo-nouvelle-vague-cinema-populaire-monstre-sacre-multiples-facettes\" class=\"c-link c-link--is-underlined\" target=\"_blank\" rel=\"noopener\">Jean-Paul Belmondo<\/a>, lui conseille de changer de nom. \u00ab\u00a0Laisse tomber le \u00ab\u00a0de\u00a0\u00bb, \u00e7a fait aristocrate\u00a0\u00bb, lui dit-il alors, selon son r\u00e9cit. Elle devient Brion, l\u2019anagramme de Ribon.<\/p>\n<p>L\u2019actrice d\u00e9bute au cin\u00e9ma \u00e0 la fin des ann\u00e9es\u00a01950 dans Nathalie de Christian-Jaque, Katia de Robert Siodmak ou Un t\u00e9moin dans la ville d\u2019Edouard Molinaro. Avant de devenir son deuxi\u00e8me mari, le com\u00e9dien et r\u00e9alisateur Jacques Doniol-Valcroze lui propose de jouer dans son premier long m\u00e9trage, L\u2019eau \u00e0 la bouche, sorti en\u00a01960, qui lance sa carri\u00e8re et contribue \u00e0 faire conna\u00eetre la Nouvelle Vague.<\/p>\n<p>Des r\u00f4les de bourgeoises<\/p>\n<p>Jacques Doniol-Valcroze a \u00e9t\u00e9 un des fondateurs de la c\u00e9l\u00e8bre revue Les Cahiers du Cin\u00e9ma, o\u00f9 ont \u00e9crit tous les grands de la Nouvelle Vague, comme <a href=\"https:\/\/www.20minutes.fr\/arts-stars\/culture\/2766335-20200424-films-francois-truffaut-netflix-choix-audace-securite-lequel-commencer\" class=\"c-link c-link--is-underlined\" target=\"_blank\" rel=\"noopener\">Truffaut<\/a>, <a href=\"https:\/\/www.20minutes.fr\/arts-stars\/culture\/3349035-20220913-jean-luc-godard-realisateur-bout-souffle-fer-lance-nouvelle-vague-mort\" class=\"c-link c-link--is-underlined\" target=\"_blank\" rel=\"noopener\">Godard<\/a> ou Chabrol.<\/p>\n<p>Fran\u00e7oise Brion, qui avait d\u2019abord \u00e9pous\u00e9 l\u2019acteur Paul Guers, tournera au total dans une quarantaine de films jusqu\u2019au milieu des ann\u00e9es\u00a01980. Elle conna\u00eet avec L\u2019immortelle d\u2019Alain Robbe-Grillet (prix Louis-Delluc 1963) l\u2019un de ses plus beaux r\u00f4les, celui d\u2019une \u00e9trang\u00e8re courtis\u00e9e par un homme \u00e0 travers les rues d\u2019Istanbul.<\/p>\n<p>Grands yeux marron, chevelure abondante et pommettes osseuses, elle a plusieurs fois incarn\u00e9 les bourgeoises intellectuelles.<\/p>\n<p>Une carri\u00e8re sur les planches<\/p>\n<p>C\u2019est sur les planches &#8211; son p\u00e8re \u00e9tait directeur de th\u00e9\u00e2tre &#8211; qu\u2019elle a obtenu le plus de satisfaction, passant du drame \u00e0 la com\u00e9die, du burlesque \u00e0 la trag\u00e9die.<\/p>\n<\/p>\n<p>Elle a jou\u00e9 \u00e0 <a href=\"https:\/\/www.20minutes.fr\/dossier\/festival_d_avignon\" class=\"c-link c-link--is-underlined\" target=\"_blank\" rel=\"noopener\">Avignon<\/a>, dans des salles parisiennes comme l\u2019Atelier ou la Colline, dans des pi\u00e8ces de Fran\u00e7oise Sagan, Pirandello, Brecht ou Pinter, dirig\u00e9e par Jorge Lavelli, Georges Wilson, Robert Hossein et beaucoup d\u2019autres.<\/p>\n<p>A la t\u00e9l\u00e9vision, Fran\u00e7oise Brion a notamment jou\u00e9 dans la s\u00e9rie Les Brigades du Tigre (1983) ou Les liaisons dangereuses de Jos\u00e9e Dayan en\u00a02003.<\/p>\n","protected":false},"excerpt":{"rendered":"Malgr\u00e9 une carri\u00e8re foisonnante, elle n\u2019a jamais acc\u00e9d\u00e9 au rang de vedette. Fran\u00e7oise Brion, qui fut en vogue&hellip;\n","protected":false},"author":2,"featured_media":604727,"comment_status":"","ping_status":"","sticky":false,"template":"","format":"standard","meta":{"footnotes":""},"categories":[1359],"tags":[650,3983,58,59,16572,1011,27,24532,973,252,1347],"class_list":{"0":"post-604726","1":"post","2":"type-post","3":"status-publish","4":"format-standard","5":"has-post-thumbnail","7":"category-people","8":"tag-cinema","9":"tag-deces","10":"tag-divertissement","11":"tag-entertainment","12":"tag-festival-davignon","13":"tag-fr","14":"tag-france","15":"tag-jean-paul-belmondo","16":"tag-people","17":"tag-television","18":"tag-theatre"},"share_on_mastodon":{"url":"https:\/\/pubeurope.com\/@fr\/115733791017339456","error":""},"_links":{"self":[{"href":"https:\/\/www.europesays.com\/fr\/wp-json\/wp\/v2\/posts\/604726","targetHints":{"allow":["GET"]}}],"collection":[{"href":"https:\/\/www.europesays.com\/fr\/wp-json\/wp\/v2\/posts"}],"about":[{"href":"https:\/\/www.europesays.com\/fr\/wp-json\/wp\/v2\/types\/post"}],"author":[{"embeddable":true,"href":"https:\/\/www.europesays.com\/fr\/wp-json\/wp\/v2\/users\/2"}],"replies":[{"embeddable":true,"href":"https:\/\/www.europesays.com\/fr\/wp-json\/wp\/v2\/comments?post=604726"}],"version-history":[{"count":0,"href":"https:\/\/www.europesays.com\/fr\/wp-json\/wp\/v2\/posts\/604726\/revisions"}],"wp:featuredmedia":[{"embeddable":true,"href":"https:\/\/www.europesays.com\/fr\/wp-json\/wp\/v2\/media\/604727"}],"wp:attachment":[{"href":"https:\/\/www.europesays.com\/fr\/wp-json\/wp\/v2\/media?parent=604726"}],"wp:term":[{"taxonomy":"category","embeddable":true,"href":"https:\/\/www.europesays.com\/fr\/wp-json\/wp\/v2\/categories?post=604726"},{"taxonomy":"post_tag","embeddable":true,"href":"https:\/\/www.europesays.com\/fr\/wp-json\/wp\/v2\/tags?post=604726"}],"curies":[{"name":"wp","href":"https:\/\/api.w.org\/{rel}","templated":true}]}}