{"id":604728,"date":"2025-12-17T07:44:18","date_gmt":"2025-12-17T07:44:18","guid":{"rendered":"https:\/\/www.europesays.com\/fr\/604728\/"},"modified":"2025-12-17T07:44:18","modified_gmt":"2025-12-17T07:44:18","slug":"jpa-concept-architecte-dinterieur-devoile-son-nouveau-bureau-shoowroom-en-centre-ville-de-perpignan","status":"publish","type":"post","link":"https:\/\/www.europesays.com\/fr\/604728\/","title":{"rendered":"JPA Concept, architecte d\u2019int\u00e9rieur, d\u00e9voile son nouveau bureau-shoowroom en centre-ville de Perpignan"},"content":{"rendered":"<p>\n                                                                Inaugur\u00e9 le 11\u00a0d\u00e9cembre, l\u2019architecte d\u00a0\u00bbint\u00e9rieur JPA Concept a install\u00e9 son bureau en centre-ville de Perpignan. C\u2019est aussi l\u00e0 que les clients pourront d\u00e9couvrir le showroom.\n                            <\/p>\n<p>L\u2019architecte d\u2019int\u00e9rieur JPA Concept a inaugur\u00e9 son nouveau bureau-showroom jeudi 11\u00a0d\u00e9cembre dans la rue des Abreuvoirs du centre-ville de Perpignan.<\/p>\n<p>Il y a 8 ans, James Parmentier, a lanc\u00e9 sa bo\u00eete. Aujourd\u2019hui, il est fier de franchir une \u00e9tape suppl\u00e9mentaire avec ce bureau-showroom mettant en avant son travail et celui des artisans de confiance avec qui il travaille. \u00ab\u00a0On avait besoin d\u2019une vitrine pour mettre tout \u00e7a en un seul et m\u00eame lieu\u00a0\u00bb, explique l\u2019architecte, accompagn\u00e9 de Rita, sa bin\u00f4me qu\u2019il a recrut\u00e9 il y a 3 ans.<\/p>\n<p>L\u2019ascension de l\u2019entreprise ne s\u2019arr\u00eate pas l\u00e0 puisqu\u2019au d\u00e9but du\u00a0mois de novembre\u00a02025, JPA Concept a sign\u00e9 avec le groupe h\u00f4telier Gauze, qui exploite l\u2019h\u00f4tel Mercure du groupe Accor. Un projet de customisation et r\u00e9novation des 40 chambres de l\u2019\u00e9tablissement install\u00e9 sur le cours Fran\u00e7ois Palmarole en centre-ville de Perpignan.<\/p>\n<p>Apr\u00e8s la Casa Collioura, chambre d\u2019h\u00f4tes de luxe \u00e0 Collioure, et son spa, JPA Concept a pour ambition de continuer \u00e0 s\u00e9duire le secteur h\u00f4telier. Toujours en conservant sa marque de fabrique\u00a0: \u00ab\u00a0Des espaces avec des mat\u00e9riaux bruts, de la simplicit\u00e9, du d\u00e9tail, des arrondis, tout en restant chaleureux. Et en s\u2019adaptant \u00e0 tous les budgets\u00a0\u00bb, conclut le duo.<\/p>\n","protected":false},"excerpt":{"rendered":"Inaugur\u00e9 le 11\u00a0d\u00e9cembre, l\u2019architecte d\u00a0\u00bbint\u00e9rieur JPA Concept a install\u00e9 son bureau en centre-ville de Perpignan. C\u2019est aussi l\u00e0&hellip;\n","protected":false},"author":2,"featured_media":604729,"comment_status":"","ping_status":"","sticky":false,"template":"","format":"standard","meta":{"footnotes":""},"categories":[1358],"tags":[1111,1348,1384,1385,1386,58,59,1011,27,3464,11548,1857],"class_list":{"0":"post-604728","1":"post","2":"type-post","3":"status-publish","4":"format-standard","5":"has-post-thumbnail","7":"category-arts-et-design","8":"tag-actu","9":"tag-arts","10":"tag-arts-and-design","11":"tag-arts-et-design","12":"tag-design","13":"tag-divertissement","14":"tag-entertainment","15":"tag-fr","16":"tag-france","17":"tag-perpignan","18":"tag-pyrenees-orientales","19":"tag-sociu00e9tu00e9"},"share_on_mastodon":{"url":"https:\/\/pubeurope.com\/@fr\/115733794865050791","error":""},"_links":{"self":[{"href":"https:\/\/www.europesays.com\/fr\/wp-json\/wp\/v2\/posts\/604728","targetHints":{"allow":["GET"]}}],"collection":[{"href":"https:\/\/www.europesays.com\/fr\/wp-json\/wp\/v2\/posts"}],"about":[{"href":"https:\/\/www.europesays.com\/fr\/wp-json\/wp\/v2\/types\/post"}],"author":[{"embeddable":true,"href":"https:\/\/www.europesays.com\/fr\/wp-json\/wp\/v2\/users\/2"}],"replies":[{"embeddable":true,"href":"https:\/\/www.europesays.com\/fr\/wp-json\/wp\/v2\/comments?post=604728"}],"version-history":[{"count":0,"href":"https:\/\/www.europesays.com\/fr\/wp-json\/wp\/v2\/posts\/604728\/revisions"}],"wp:featuredmedia":[{"embeddable":true,"href":"https:\/\/www.europesays.com\/fr\/wp-json\/wp\/v2\/media\/604729"}],"wp:attachment":[{"href":"https:\/\/www.europesays.com\/fr\/wp-json\/wp\/v2\/media?parent=604728"}],"wp:term":[{"taxonomy":"category","embeddable":true,"href":"https:\/\/www.europesays.com\/fr\/wp-json\/wp\/v2\/categories?post=604728"},{"taxonomy":"post_tag","embeddable":true,"href":"https:\/\/www.europesays.com\/fr\/wp-json\/wp\/v2\/tags?post=604728"}],"curies":[{"name":"wp","href":"https:\/\/api.w.org\/{rel}","templated":true}]}}