{"id":60473,"date":"2025-04-28T23:49:13","date_gmt":"2025-04-28T23:49:13","guid":{"rendered":"https:\/\/www.europesays.com\/fr\/60473\/"},"modified":"2025-04-28T23:49:13","modified_gmt":"2025-04-28T23:49:13","slug":"pourquoi-la-guerre-commerciale-entre-les-etats-unis-et-la-chine-pourrait-etre-une-chance-pour-leurope-politico","status":"publish","type":"post","link":"https:\/\/www.europesays.com\/fr\/60473\/","title":{"rendered":"Pourquoi la guerre commerciale entre les Etats-Unis et la Chine pourrait \u00eatre une chance pour l\u2019Europe \u2013 POLITICO"},"content":{"rendered":"<p>Les pr\u00e9visions <a href=\"https:\/\/pro.politico.eu\/news\/197499\" target=\"_blank\" rel=\"nofollow noopener\">du Fonds mon\u00e9taire international<\/a> (FMI) ont r\u00e9duit les perspectives de croissance des Etats-Unis pour 2025 de 0,9 point de pourcentage en raison des droits de douane, soit la plus forte baisse de toutes les grandes \u00e9conomies, \u00e0 l\u2019exception du Mexique. Celles de la Chine ont \u00e9t\u00e9 entam\u00e9es de 0,6 point, tandis que la zone euro s\u2019en est sortie relativement indemne, avec seulement une r\u00e9vision \u00e0 la baisse de 0,2 point.<\/p>\n<p>Les derniers seront les premiers<\/p>\n<p>Le deuxi\u00e8me mandat de la pr\u00e9sidente de la Commission europ\u00e9enne, Ursula von der Leyen, a d\u00e9but\u00e9 l\u2019ann\u00e9e derni\u00e8re en clamant haut et fort le <a href=\"https:\/\/www.politico.eu\/article\/ursula-von-der-leyen-mission-europe-economy\/\" rel=\"nofollow noopener\" target=\"_blank\">besoin de comp\u00e9titivit\u00e9<\/a>. Bien que l\u2019expression soit vague \u2014 elle fait r\u00e9f\u00e9rence \u00e0 l\u2019\u00e9conomie et \u00e0 la croissance, et \u00e0 la position de l\u2019Europe par rapport \u00e0 ses concurrents \u2014, elle est per\u00e7ue comme un choix judicieux.<\/p>\n<p>Pendant que les Vingt-Sept \u00e9taient en difficult\u00e9 ces dix derni\u00e8res ann\u00e9es, les Etats-Unis ont produit de nouveaux g\u00e9ants de la tech \u00e0 un rythme dont l\u2019Europe ne peut que r\u00eaver. Et ce, gr\u00e2ce \u00e0 une combinaison magique de trois ingr\u00e9dients : des march\u00e9s financiers fonctionnels, des \u00e9tablissements de recherche universitaire de premier plan et de consommateurs au portefeuille bien rempli. La Chine, qui a longtemps \u00e9t\u00e9 l\u2019atelier de mis\u00e8re du monde, a commenc\u00e9 \u00e0 dominer l\u2019industrie de pointe dans les domaines de l\u2019\u00e9nergie propre, des v\u00e9hicules \u00e9lectriques et de la robotique gr\u00e2ce \u00e0 sa politique industrielle.<\/p>\n<p><img loading=\"lazy\" decoding=\"async\" width=\"1024\" height=\"683\" src=\"https:\/\/www.europesays.com\/fr\/wp-content\/uploads\/2025\/04\/GettyImages-2206122297-1024x683.jpg\" alt=\"\" class=\"wp-image-6524562\"  \/>L\u2019Allemagne, premi\u00e8re \u00e9conomie du Vieux Continent, a connu une vague de fermetures d\u2019usines, ses aci\u00e9ries et ses constructeurs automobiles ont pli\u00e9 sous le poids d\u2019un choc \u00e9nerg\u00e9tique d\u00e9clench\u00e9 par l\u2019invasion de l\u2019Ukraine par la Russie. | Hesham Elsherif\/Getty Images<\/p>\n<p>Et si tout cela reste vrai, les d\u00e9cisions prises ce mois-ci \u2014 Washington et P\u00e9kin ayant d\u00e9cid\u00e9 de s\u2019imposer mutuellement des droits de douane \u00e0 des <a href=\"https:\/\/www.politico.eu\/article\/china-donald-trump-ramps-up-us-tariffs-to-125-percent-in-new-salvo-against-trump\/\" rel=\"nofollow noopener\" target=\"_blank\">taux sup\u00e9rieurs \u00e0 100%<\/a> \u2014 placent l\u2019Europe dans une situation privil\u00e9gi\u00e9e.<\/p>\n<p>Les droits de douane am\u00e9ricains sur les importations europ\u00e9ennes, certes bien que plus \u00e9lev\u00e9s qu\u2019auparavant, sont tr\u00e8s loin des niveaux atteints entre les Etats-Unis et la Chine. Ces tensions commerciales surviennent alors que l\u2019\u00e9conomie de l\u2019empire du Milieu se remet de la d\u00e9molition contr\u00f4l\u00e9e de son secteur immobilier, et tente un r\u00e9\u00e9quilibrage douloureux en faveur d\u2019une plus grande consommation int\u00e9rieure et plut\u00f4t que des exportations.<\/p>\n<p>\u201cUne guerre commerciale prolong\u00e9e entre les Etats-Unis et la Chine pourrait ouvrir de nouveaux march\u00e9s aux entreprises europ\u00e9ennes\u201d, souligne Ludovic Suttor-Sorel, directeur du European Macro Policy Network, un groupe de think tanks. La Chine compte d\u00e9j\u00e0 sur les produits europ\u00e9ens dans des secteurs tels que la chimie et les \u00e9quipements de transport, et il est probable que cette tendance s\u2019accentue. La demande am\u00e9ricaine pour certains biens manufactur\u00e9s europ\u00e9ens, auparavant achet\u00e9s \u00e0 la Chine \u2014 comme les machines, les plastiques et les textiles \u2014 pourrait aussi augmenter, ajoute-t-il.<\/p>\n","protected":false},"excerpt":{"rendered":"Les pr\u00e9visions du Fonds mon\u00e9taire international (FMI) ont r\u00e9duit les perspectives de croissance des Etats-Unis pour 2025 de&hellip;\n","protected":false},"author":2,"featured_media":60474,"comment_status":"","ping_status":"","sticky":false,"template":"","format":"standard","meta":{"footnotes":""},"categories":[1586],"tags":[47,11,309,75,73,1777,674,1011,27,12,25,364,2544],"class_list":{"0":"post-60473","1":"post","2":"type-post","3":"status-publish","4":"format-standard","5":"has-post-thumbnail","7":"category-europe","8":"tag-actualite","9":"tag-actualites","10":"tag-chine","11":"tag-donald-trump","12":"tag-etats-unis","13":"tag-eu","14":"tag-europe","15":"tag-fr","16":"tag-france","17":"tag-news","18":"tag-republique-francaise","19":"tag-union-europeenne","20":"tag-ursula-von-der-leyen"},"share_on_mastodon":{"url":"https:\/\/pubeurope.com\/@fr\/114418271175160010","error":""},"_links":{"self":[{"href":"https:\/\/www.europesays.com\/fr\/wp-json\/wp\/v2\/posts\/60473","targetHints":{"allow":["GET"]}}],"collection":[{"href":"https:\/\/www.europesays.com\/fr\/wp-json\/wp\/v2\/posts"}],"about":[{"href":"https:\/\/www.europesays.com\/fr\/wp-json\/wp\/v2\/types\/post"}],"author":[{"embeddable":true,"href":"https:\/\/www.europesays.com\/fr\/wp-json\/wp\/v2\/users\/2"}],"replies":[{"embeddable":true,"href":"https:\/\/www.europesays.com\/fr\/wp-json\/wp\/v2\/comments?post=60473"}],"version-history":[{"count":0,"href":"https:\/\/www.europesays.com\/fr\/wp-json\/wp\/v2\/posts\/60473\/revisions"}],"wp:featuredmedia":[{"embeddable":true,"href":"https:\/\/www.europesays.com\/fr\/wp-json\/wp\/v2\/media\/60474"}],"wp:attachment":[{"href":"https:\/\/www.europesays.com\/fr\/wp-json\/wp\/v2\/media?parent=60473"}],"wp:term":[{"taxonomy":"category","embeddable":true,"href":"https:\/\/www.europesays.com\/fr\/wp-json\/wp\/v2\/categories?post=60473"},{"taxonomy":"post_tag","embeddable":true,"href":"https:\/\/www.europesays.com\/fr\/wp-json\/wp\/v2\/tags?post=60473"}],"curies":[{"name":"wp","href":"https:\/\/api.w.org\/{rel}","templated":true}]}}