{"id":604731,"date":"2025-12-17T07:47:13","date_gmt":"2025-12-17T07:47:13","guid":{"rendered":"https:\/\/www.europesays.com\/fr\/604731\/"},"modified":"2025-12-17T07:47:13","modified_gmt":"2025-12-17T07:47:13","slug":"son-refuge-en-bretagne-ou-elle-se-ressource","status":"publish","type":"post","link":"https:\/\/www.europesays.com\/fr\/604731\/","title":{"rendered":"son refuge en Bretagne, o\u00f9 elle se ressource"},"content":{"rendered":"<p>Nolwenn Leroy continue d\u2019entretenir un lien constant avec la<br \/>\nBretagne. Si sa carri\u00e8re l\u2019a men\u00e9e sur de nombreux terrains, elle<br \/>\nn\u2019a jamais cess\u00e9 de revenir \u00e0 cette r\u00e9gion qui demeure son point<br \/>\nd\u2019ancrage. Plus qu\u2019un d\u00e9cor familier, cette r\u00e9gion de l\u2019Hexagone<br \/>\nreste pour elle un espace de respiration, un territoire intime o\u00f9<br \/>\nelle se recentre et recharge ses batteries, \u00e0 l\u2019\u00e9cart du rythme<br \/>\nimpos\u00e9 par la vie publique.<\/p>\n<p>Des paysages bretons au c\u0153ur de la sensibilit\u00e9 de Nolwenn<br \/>\nLeroy<\/p>\n<p>R\u00e9v\u00e9l\u00e9e au grand public en 2002 lors de sa victoire \u00e0 la<br \/>\nStar Academy, la chanteuse a <strong>toujours revendiqu\u00e9<br \/>\nses racines<\/strong>. N\u00e9e \u00e0 Saint-Renan, <a href=\"https:\/\/www.lejournaldelamaison.fr\/le-journal-de-la-maison\/decoration-par-style\/bord-de-mer\/plages-secretes-brest-rester-pour-toujours-517126.html\" target=\"_blank\" rel=\"noopener\"><br \/>\npr\u00e8s de Brest<\/a>, Nolwenn Leroy a pass\u00e9 une partie de son enfance<br \/>\n\u00e0 Kersaint-Plabennec, puis a \u00e9t\u00e9 scolaris\u00e9e \u00e0 Guingamp. Ces<br \/>\nallers-retours ont fa\u00e7onn\u00e9 un attachement profond, nourri par les<br \/>\npaysages autant que par une c<strong>ulture bretonne transmise tr\u00e8s<br \/>\nt\u00f4t<\/strong>, et qui continue de structurer son rapport au temps et<br \/>\n\u00e0 la cr\u00e9ation.<\/p>\n<p>Parmi les lieux qui comptent, certains occupent une<br \/>\n<strong>place particuli\u00e8re dans son imaginaire<\/strong>. La for\u00eat<br \/>\nde Broc\u00e9liande, qu\u2019elle \u00e9voque souvent lorsqu\u2019elle parle de son<br \/>\n<a href=\"https:\/\/www.lejournaldelamaison.fr\/le-journal-de-la-maison\/reportages-maisons\/maisons-reportages-maisons\/nathalie-baye-johnny-avait-adore-lendroit-sa-maison-familiale-en-bretagne-dans-le-sud-du-finistere-ou-elle-se-rendait-avec-sa-fille-laura-smet-530114.html\" target=\"_blank\" rel=\"noopener\"><br \/>\nrapport \u00e0 la Bretagne<\/a>, appartient \u00e0 ces endroits fondateurs.<br \/>\n\u00ab\u00a0C\u2019est vraiment un lieu qui me fascine depuis ma plus tendre<br \/>\nenfance J\u2019ai beaucoup lu les l\u00e9gendes arthuriennes. C\u2019est quelque<br \/>\nchose qui me passionne depuis toute petite\u00a0\u00bb, confiait-elle,<br \/>\ndans les colonnes du site aufeminin, rappelant combien les<br \/>\nr\u00e9cits et les mythes ont <strong>accompagn\u00e9 son enfance<\/strong> et<br \/>\nnourri une sensibilit\u00e9 toujours tr\u00e8s pr\u00e9sente.<\/p>\n<p>Une connexion intime \u00e0 la nature chez Nolwenn Leroy<\/p>\n<p>Cette relation presque instinctive aux lieux s\u2019exprime aussi<br \/>\ndans la mani\u00e8re dont elle d\u00e9crit ce qu\u2019elle y ressent, notamment au<br \/>\nregard de son r\u00f4le dans la s\u00e9rie Broc\u00e9liande. \u00ab\u00a0C\u00a0\u00bbest<br \/>\nun <strong>lieu charg\u00e9 en myst\u00e8re<\/strong>, en magie, en \u00e9nergie et<br \/>\nje pense que \u00e7a a jou\u00e9 dans ma fa\u00e7on dont j\u2019ai incarn\u00e9 le r\u00f4le.<br \/>\n<a href=\"https:\/\/www.lejournaldelamaison.fr\/le-journal-de-la-maison\/reportages-maisons\/maisons-reportages-maisons\/raphael-mezrahi-ma-maison-est-ouverte-a-tous-et-les-betes-le-savent-sa-maison-en-pleine-foret-dans-laube-ou-il-vit-entoure-danimaux-529512.html\" target=\"_blank\" rel=\"noopener\"><br \/>\nLa for\u00eat m&rsquo;a connect\u00e9e<\/a> \u00e0 mes \u00e9motions. La connexion \u00e0 l\u2019\u00e9nergie<br \/>\ndes arbres, la sylvoth\u00e9rapie, j\u2019y crois vraiment. Tous les acteurs<br \/>\net le staff se sentaient bien pendant ce tournage, c\u2019\u00e9tait un<br \/>\ncadeau de <strong>se r\u00e9veiller dans cette nature<\/strong>\u00ab\u00a0,<br \/>\nexpliquait-elle. Un t\u00e9moignage qui d\u00e9passe le cadre professionnel<br \/>\npour r\u00e9v\u00e9ler une approche sensible, presque physique, de la<br \/>\nnature.<\/p>\n<p>Au fil de ses prises de parole, <a href=\"https:\/\/www.lejournaldelamaison.fr\/le-journal-de-la-maison\/reportages-maisons\/nolwenn-leroy-bonheur-maison-familiale-provence-471132.html\" target=\"_blank\" rel=\"noopener\"><br \/>\nNolwenn Leroy insiste aussi<\/a> sur la diversit\u00e9 de la r\u00e9gion, bien<br \/>\nau-del\u00e0 des images attendues. \u00ab\u00a0Broc\u00e9liande, \u00e7a va aussi \u00eatre<br \/>\nl\u2019occasion de faire red\u00e9couvrir la Bretagne des terres, qui a<br \/>\n<strong>beaucoup de richesses \u00e0 offrir<\/strong>\u00ab\u00a0,<br \/>\nsoulignait-elle en 2024, attentive \u00e0 ces paysages int\u00e9rieurs<br \/>\nsouvent moins visibles mais <strong>essentiels \u00e0 l\u2019identit\u00e9<br \/>\nbretonne<\/strong>, entre landes, reliefs et villages pr\u00e9serv\u00e9s.<\/p>\n<blockquote class=\"instagram-media\" style=\"background: #ffffff;border: 0;margin: 1px;width: 100%;padding: 0;max-width: 500px;\" data-instgrm-permalink=\"https:\/\/www.instagram.com\/p\/CSw1S_GDTIL\/\" data-instgrm-version=\"14\"\/><p>\nDes paysages bretons chers \u00e0 Nolwenn<br \/>\nLeroy<\/p>\n<p>Lorsqu\u2019elle \u00e9voque ses lieux de c\u0153ur, la chanteuse <strong>cite<br \/>\nspontan\u00e9ment les Monts d\u2019Arr\u00e9e<\/strong>, <a href=\"https:\/\/www.lejournaldelamaison.fr\/le-journal-de-la-maison\/reportages-maisons\/maisons-bord-de-mer\/maisons-stars-bretagne-526440.html\" target=\"_blank\" rel=\"noopener\"><br \/>\nles c\u00f4tes du Finist\u00e8re<\/a> auxquelles elle reste profond\u00e9ment<br \/>\nattach\u00e9e, mais aussi la <strong>c\u00f4te de Granit rose et<br \/>\nPerros-Guirec<\/strong>. Une g\u00e9ographie personnelle, faite de<br \/>\ncontrastes et de rep\u00e8res, qu\u2019elle parcourt au fil des saisons, loin<br \/>\ndes itin\u00e9raires touristiques balis\u00e9s.<\/p>\n<p>Mais son <a href=\"https:\/\/www.lejournaldelamaison.fr\/le-journal-de-la-maison\/reportages-maisons\/maisons-bord-de-mer\/laurent-mariotte-coup-coeur-region-montagne-bord-mer-refuge-secret-pays-basque-ressource-529562.html\" target=\"_blank\" rel=\"noopener\"><br \/>\nv\u00e9ritable refuge se niche ailleurs<\/a>, dans un coin plus<br \/>\nconfidentiel qu\u2019elle accepte de d\u00e9voiler avec un sourire.<br \/>\n\u00ab\u00a0J\u2019adore un coin qui est un peu particulier et tr\u00e8s sauvage :<br \/>\nKerlouan, et plus pr\u00e9cis\u00e9ment le <strong>hameau de M\u00e9nez<br \/>\nHam<\/strong>, dans le Finist\u00e8re nord, c\u2019est pour les vrais bretons.<br \/>\n(Rires)\u00a0\u00bb, indiquait-elle. Un lieu qu\u2019elle fr\u00e9quente<br \/>\nr\u00e9guli\u00e8rement, notamment \u00e0 des moments pr\u00e9cis de l\u2019ann\u00e9e. \u00ab\u00a0J\u2019y<br \/>\nvais souvent pour recharger mes batteries, notamment \u00e0 la p\u00e9riode<br \/>\nde Halloween et <strong>pour les f\u00eates celtiques<\/strong>. C\u2019est un<br \/>\nmoment tr\u00e8s particulier, j\u2019aime bien passer du temps l\u00e0-bas \u00e0 ces<br \/>\np\u00e9riodes-l\u00e0\u00a0\u00bb, concluait-elle, dessinant le portrait d\u2019une<br \/>\nBretagne intime, choisie, et profond\u00e9ment ressour\u00e7ante.<\/p>\n<p><script async src=\"\/\/www.instagram.com\/embed.js\"><\/script><\/p>\n","protected":false},"excerpt":{"rendered":"Nolwenn Leroy continue d\u2019entretenir un lien constant avec la Bretagne. Si sa carri\u00e8re l\u2019a men\u00e9e sur de nombreux&hellip;\n","protected":false},"author":2,"featured_media":604732,"comment_status":"","ping_status":"","sticky":false,"template":"","format":"standard","meta":{"footnotes":""},"categories":[1355],"tags":[13668,829,2511,17070,58,3170,3026,893,59,12219,1011,27,71653,7018,29658,1361,873,17282,2042,10650,8726,16132,4856,16283,23299,2407,3711,9066],"class_list":{"0":"post-604731","1":"post","2":"type-post","3":"status-publish","4":"format-standard","5":"has-post-thumbnail","7":"category-musique","8":"tag-batteries","9":"tag-bretagne","10":"tag-cest","11":"tag-charge","12":"tag-divertissement","13":"tag-elle","14":"tag-en","15":"tag-energie","16":"tag-entertainment","17":"tag-et","18":"tag-fr","19":"tag-france","20":"tag-leroy","21":"tag-lieu","22":"tag-magie","23":"tag-music","24":"tag-musique","25":"tag-mystere","26":"tag-nolwenn","27":"tag-ou","28":"tag-recharge","29":"tag-refuge","30":"tag-ressource","31":"tag-se","32":"tag-secret","33":"tag-ses","34":"tag-son","35":"tag-un"},"share_on_mastodon":{"url":"https:\/\/pubeurope.com\/@fr\/115733806766580411","error":""},"_links":{"self":[{"href":"https:\/\/www.europesays.com\/fr\/wp-json\/wp\/v2\/posts\/604731","targetHints":{"allow":["GET"]}}],"collection":[{"href":"https:\/\/www.europesays.com\/fr\/wp-json\/wp\/v2\/posts"}],"about":[{"href":"https:\/\/www.europesays.com\/fr\/wp-json\/wp\/v2\/types\/post"}],"author":[{"embeddable":true,"href":"https:\/\/www.europesays.com\/fr\/wp-json\/wp\/v2\/users\/2"}],"replies":[{"embeddable":true,"href":"https:\/\/www.europesays.com\/fr\/wp-json\/wp\/v2\/comments?post=604731"}],"version-history":[{"count":0,"href":"https:\/\/www.europesays.com\/fr\/wp-json\/wp\/v2\/posts\/604731\/revisions"}],"wp:featuredmedia":[{"embeddable":true,"href":"https:\/\/www.europesays.com\/fr\/wp-json\/wp\/v2\/media\/604732"}],"wp:attachment":[{"href":"https:\/\/www.europesays.com\/fr\/wp-json\/wp\/v2\/media?parent=604731"}],"wp:term":[{"taxonomy":"category","embeddable":true,"href":"https:\/\/www.europesays.com\/fr\/wp-json\/wp\/v2\/categories?post=604731"},{"taxonomy":"post_tag","embeddable":true,"href":"https:\/\/www.europesays.com\/fr\/wp-json\/wp\/v2\/tags?post=604731"}],"curies":[{"name":"wp","href":"https:\/\/api.w.org\/{rel}","templated":true}]}}