{"id":604742,"date":"2025-12-17T07:53:17","date_gmt":"2025-12-17T07:53:17","guid":{"rendered":"https:\/\/www.europesays.com\/fr\/604742\/"},"modified":"2025-12-17T07:53:17","modified_gmt":"2025-12-17T07:53:17","slug":"valeurs-a-suivre-a-paris-et-en-europe-actualise-17-12-2025-a-0758","status":"publish","type":"post","link":"https:\/\/www.europesays.com\/fr\/604742\/","title":{"rendered":"valeurs \u00e0 suivre \u00e0 Paris et en Europe (actualis\u00e9) &#8211; 17\/12\/2025 \u00e0 07:58"},"content":{"rendered":"<p>\n (Actualis\u00e9 avec secteur europ\u00e9en du num\u00e9rique, Sanofi, GSK,<br \/>\nCampari, Thyssenkrupp Nucera)\n<\/p>\n<p>\n *\n<\/p>\n<p>\n Variation des futures sur indice CAC 40  0#FCE:\n<\/p>\n<p>\n *\n<\/p>\n<p>\n Variation des futures sur indice Stoxx 600  0#FXXP:\n<\/p>\n<p>\n *\n<\/p>\n<p>\n Valeurs qui se traitent ex-dividende  .EX.PA\n<\/p>\n<p>\n *\n<\/p>\n<p>\n Le point sur les march\u00e9s europ\u00e9ens  .EUFR\n<\/p>\n<p>\n Les valeurs \u00e0 suivre<br \/>\nmercredi \u00e0 la Bourse de Paris et en Europe :\n<\/p>\n<p>\n * ENTREPRISES EUROP\u00c9ENNES DU NUM\u00c9RIQUE &#8211; L&rsquo;administration du<br \/>\npr\u00e9sident Donald Trump a averti mardi que les \u00c9tats-Unis<br \/>\npourraient imposer des frais ou des restrictions aux<br \/>\nprestataires de services europ\u00e9ens en r\u00e9ponse \u00e0 ce qu&rsquo;elle a<br \/>\nqualifi\u00e9 d&rsquo;actions \u00ab\u00a0discriminatoires\u00a0\u00bb \u00e0 l&rsquo;encontre des<br \/>\nentreprises am\u00e9ricaines.\n<\/p>\n<p>\n Donald Trump a a cit\u00e9 notamment des groupes tels que<br \/>\nCAPGEMINI<br \/>\n <a href=\"https:\/\/www.boursorama.com\/cours\/1rPCAP\/\" target=\"_blank\" rel=\"noopener\"><br \/>\n  CAPP.PA<br \/>\n <\/a><br \/>\n , Mistral, PUBLICIS<br \/>\n <a href=\"https:\/\/www.boursorama.com\/cours\/1rPPUB\/\" target=\"_blank\" rel=\"noopener\"><br \/>\n  PUBP.PA<br \/>\n <\/a><br \/>\n , AMADEUS\n<\/p>\n<p>\n <a href=\"https:\/\/www.boursorama.com\/cours\/FF55-AMS\/\" target=\"_blank\" rel=\"noopener\"><br \/>\n  AMA.MC<br \/>\n <\/a><br \/>\n , et SAP<br \/>\n <a href=\"https:\/\/www.boursorama.com\/cours\/1zSAP\/\" target=\"_blank\" rel=\"noopener\"><br \/>\n  SAPG.DE<br \/>\n <\/a><br \/>\n .\n<\/p>\n<p>\n * CREDIT AGRICOLE<br \/>\n <a href=\"https:\/\/www.boursorama.com\/cours\/1rPACA\/\" target=\"_blank\" rel=\"noopener\"><br \/>\n  CAGR.PA<br \/>\n <\/a><br \/>\n a annonc\u00e9 mardi que son conseil<br \/>\nd&rsquo;administration avait \u00e9lu Eric Vial en qualit\u00e9 de pr\u00e9sident, en<br \/>\nremplacement de Dominique Lefebvre, avec une prise de fonctions<br \/>\npr\u00e9vue le 1er janvier 2026.\n<\/p>\n<p>\n * AIRBUS<br \/>\n <a href=\"https:\/\/www.boursorama.com\/cours\/1rPAIR\/\" target=\"_blank\" rel=\"noopener\"><br \/>\n  AIR.PA<br \/>\n <\/a><br \/>\n , DASSAULT AVIATION<br \/>\n <a href=\"https:\/\/www.boursorama.com\/cours\/1rPAM\/\" target=\"_blank\" rel=\"noopener\"><br \/>\n  AM.PA<br \/>\n <\/a><br \/>\n &#8211; Une r\u00e9union<br \/>\nentre les ministres de la D\u00e9fense fran\u00e7aise, allemand et<br \/>\nespagnole la semaine derni\u00e8re n&rsquo;a pas permis de trouver une<br \/>\nsolution pour sauver leprojet europ\u00e9en d&rsquo;avion de combat du<br \/>\nfutur (SCAF), ont d\u00e9clar\u00e9 mardi des sources proches du dossier.\n<\/p>\n<p>\n * PERNOD RICARD<br \/>\n <a href=\"https:\/\/www.boursorama.com\/cours\/1rPRI\/\" target=\"_blank\" rel=\"noopener\"><br \/>\n  PERP.PA<br \/>\n <\/a><br \/>\n a annonc\u00e9 mardi la signature d&rsquo;un<br \/>\naccord d\u00e9finitif avec le groupe Trinchero Family Wine and<br \/>\nSpirits portant sur la cession des marques de vins effervescents<br \/>\nMumm Sparkling California, Mumm Napa et DVX aux Etats-Unis.\n<\/p>\n<p>\n * SANOFI<br \/>\n <a href=\"https:\/\/www.boursorama.com\/cours\/1rPSAN\/\" target=\"_blank\" rel=\"noopener\"><br \/>\n  SASY.PA<br \/>\n <\/a><br \/>\n a annonc\u00e9 mercredi que son traitement<br \/>\nefdoralprine alfa a obtenu la d\u00e9signation de m\u00e9dicament orphelin<br \/>\ndans l&rsquo;UE pour l&#8217;emphys\u00e8me li\u00e9 au d\u00e9ficit en<br \/>\nalpha-1-antitrypsine.\n<\/p>\n<p>\n * ADP<br \/>\n <a href=\"https:\/\/www.boursorama.com\/cours\/1rPADP\/\" target=\"_blank\" rel=\"noopener\"><br \/>\n  ADP.PA<br \/>\n <\/a><br \/>\n a publi\u00e9 mardi un trafic du groupe en hausse<br \/>\nde 5,9% pour le mois de novembre.\n<\/p>\n<p>\n * VINCI<br \/>\n <a href=\"https:\/\/www.boursorama.com\/cours\/1rPDG\/\" target=\"_blank\" rel=\"noopener\"><br \/>\n  SGEF.PA<br \/>\n <\/a><br \/>\n a dit mardi que le trafic de Vinci<br \/>\nAutoroutes a recul\u00e9 de 3,4% en novembre.\n<\/p>\n<p>\n * GSK<br \/>\n <a href=\"https:\/\/www.boursorama.com\/cours\/1uGSK.L\/\" target=\"_blank\" rel=\"noopener\"><br \/>\n  GSK.L<br \/>\n <\/a><br \/>\n &#8211; L&rsquo;agence am\u00e9ricaine des m\u00e9dicaments (FDA) a<br \/>\napprouv\u00e9 le traitement compl\u00e9mentaire de GSK contre l&rsquo;asthme<br \/>\ns\u00e9v\u00e8re, offrant une option \u00e0 prise moins fr\u00e9quente, mais a<br \/>\nrejet\u00e9 son utilisation pour une autre affection, a annonc\u00e9 mardi<br \/>\nle laboratoire britannique.\n<\/p>\n<p>\n * THYSSENKRUPP NUCERA<br \/>\n <a href=\"https:\/\/www.boursorama.com\/cours\/1zNCH2\/\" target=\"_blank\" rel=\"noopener\"><br \/>\n  NCH2.DE<br \/>\n <\/a><br \/>\n &#8211; Le fabricant allemand<br \/>\nd&rsquo;\u00e9quipements d&rsquo;\u00e9lectrolyse a dit mercredi pr\u00e9voir un carnet de<br \/>\ncommandes compris entre 350 millions et 900 millions d&rsquo;euros<br \/>\npour l&rsquo;exercice financier en cours.\n<\/p>\n<p>\n * CAMPARI<br \/>\n <a href=\"https:\/\/www.boursorama.com\/cours\/1gCPR\/\" target=\"_blank\" rel=\"noopener\"><br \/>\n  CPRI.MI<br \/>\n <\/a><br \/>\n &#8211; Lagfin, la soci\u00e9t\u00e9 holding<br \/>\nluxembourgeoise qui contr\u00f4le le groupe italien de boissons, a<br \/>\nd\u00e9clar\u00e9 mardi avoir r\u00e9gl\u00e9 un litige fiscal avec l&rsquo;administration<br \/>\nfiscale italienne et s&rsquo;\u00eatre engag\u00e9e \u00e0 verser 405 millions<br \/>\nd&rsquo;euros sur quatre ans.\n<\/p>\n<p>\n L&rsquo;AGENDA FRANCE &amp; INTERNATIONAL \u00c0 7 JOURS:<br \/>\n nL8N3XI0FX\n<\/p>\n<p>\n (R\u00e9dig\u00e9 par Diana Mandia, \u00e9dit\u00e9 par Augustin Turpin)<\/p>\n","protected":false},"excerpt":{"rendered":"(Actualis\u00e9 avec secteur europ\u00e9en du num\u00e9rique, Sanofi, GSK, Campari, Thyssenkrupp Nucera) * Variation des futures sur indice CAC&hellip;\n","protected":false},"author":2,"featured_media":481458,"comment_status":"","ping_status":"","sticky":false,"template":"","format":"standard","meta":{"footnotes":""},"categories":[6],"tags":[400,398,408,35,405,33,34,1011,27,403,402,399,404,401,406,407],"class_list":{"0":"post-604742","1":"post","2":"type-post","3":"status-publish","4":"format-standard","5":"has-post-thumbnail","7":"category-economie","8":"tag-action-cac-40","9":"tag-bourse-de-paris","10":"tag-boursorama","11":"tag-business","12":"tag-cotations","13":"tag-economie","14":"tag-economy","15":"tag-fr","16":"tag-france","17":"tag-indices-devises","18":"tag-investir","19":"tag-investissement","20":"tag-marche-boursier","21":"tag-sicav","22":"tag-trackers","23":"tag-warrants"},"share_on_mastodon":{"url":"","error":""},"_links":{"self":[{"href":"https:\/\/www.europesays.com\/fr\/wp-json\/wp\/v2\/posts\/604742","targetHints":{"allow":["GET"]}}],"collection":[{"href":"https:\/\/www.europesays.com\/fr\/wp-json\/wp\/v2\/posts"}],"about":[{"href":"https:\/\/www.europesays.com\/fr\/wp-json\/wp\/v2\/types\/post"}],"author":[{"embeddable":true,"href":"https:\/\/www.europesays.com\/fr\/wp-json\/wp\/v2\/users\/2"}],"replies":[{"embeddable":true,"href":"https:\/\/www.europesays.com\/fr\/wp-json\/wp\/v2\/comments?post=604742"}],"version-history":[{"count":0,"href":"https:\/\/www.europesays.com\/fr\/wp-json\/wp\/v2\/posts\/604742\/revisions"}],"wp:featuredmedia":[{"embeddable":true,"href":"https:\/\/www.europesays.com\/fr\/wp-json\/wp\/v2\/media\/481458"}],"wp:attachment":[{"href":"https:\/\/www.europesays.com\/fr\/wp-json\/wp\/v2\/media?parent=604742"}],"wp:term":[{"taxonomy":"category","embeddable":true,"href":"https:\/\/www.europesays.com\/fr\/wp-json\/wp\/v2\/categories?post=604742"},{"taxonomy":"post_tag","embeddable":true,"href":"https:\/\/www.europesays.com\/fr\/wp-json\/wp\/v2\/tags?post=604742"}],"curies":[{"name":"wp","href":"https:\/\/api.w.org\/{rel}","templated":true}]}}