{"id":604743,"date":"2025-12-17T07:54:15","date_gmt":"2025-12-17T07:54:15","guid":{"rendered":"https:\/\/www.europesays.com\/fr\/604743\/"},"modified":"2025-12-17T07:54:15","modified_gmt":"2025-12-17T07:54:15","slug":"le-kremlin-beaucoup-moins-optimiste-que-zelensky-sur-les-negociations-pour-la-paix","status":"publish","type":"post","link":"https:\/\/www.europesays.com\/fr\/604743\/","title":{"rendered":"Le Kremlin beaucoup moins optimiste que Zelensky sur les n\u00e9gociations pour la paix\u2026"},"content":{"rendered":"<p>Le Kremlin s\u2019en prend aux Europ\u00e9ens<\/p>\n<p>Le Kremlin a estim\u00e9 mardi que la participation des Europ\u00e9ens aux n\u00e9gociations en cours sur le plan am\u00e9ricain pour l\u2019Ukraine \u00ab\u00a0n\u2019augure rien de bon\u00a0\u00bb, tout en affirmant ne pas avoir encore \u00e9t\u00e9 inform\u00e9 des r\u00e9sultats des derniers pourparlers \u00e0 Berlin.<\/p>\n<p>Les propositions des Europ\u00e9ens<\/p>\n<p>Les pays Europ\u00e9ens alli\u00e9s de Kiev ont avanc\u00e9 une proposition parall\u00e8le au plan am\u00e9ricain qui implique le d\u00e9ploiement d\u2019une force multinationale en Ukraine, des garanties semblables \u00e0 celles de l\u2019article\u00a05 du trait\u00e9 de l\u2019Otan pour Kiev et une arm\u00e9e ukrainienne forte de 800.000 hommes. Soit autant d\u2019\u00e9l\u00e9ments consid\u00e9r\u00e9s comme inacceptables par Moscou et d\u00e9j\u00e0 rejet\u00e9s par le pass\u00e9.<\/p>\n<p>Bienvenue dans ce nouveau Live<\/p>\n<p>Bonjour \u00e0 toutes et \u00e0 tous. Comme chaque jour, la r\u00e9daction de 20 Minutes est mobilis\u00e9e pour vous donner les derni\u00e8res informations sur le conflit entre Kiev et Moscou.<\/p>\n<p>Depuis plusieurs semaines d\u2019intenses n\u00e9gociations se tiennent pour trouver un chemin vers la paix. Mais ces pourparlers, avec \u00e0 la man\u0153uvre les Etats-Unis, restent difficiles et sur le terrain les armes continuent de parler.<\/p>\n","protected":false},"excerpt":{"rendered":"Le Kremlin s\u2019en prend aux Europ\u00e9ens Le Kremlin a estim\u00e9 mardi que la participation des Europ\u00e9ens aux n\u00e9gociations&hellip;\n","protected":false},"author":2,"featured_media":604744,"comment_status":"","ping_status":"","sticky":false,"template":"","format":"standard","meta":{"footnotes":""},"categories":[5],"tags":[47,11,75,73,1011,27,131,14,74,12,132,555,133,135,134,28],"class_list":{"0":"post-604743","1":"post","2":"type-post","3":"status-publish","4":"format-standard","5":"has-post-thumbnail","7":"category-international","8":"tag-actualite","9":"tag-actualites","10":"tag-donald-trump","11":"tag-etats-unis","12":"tag-fr","13":"tag-france","14":"tag-guerre-en-ukraine","15":"tag-international","16":"tag-monde","17":"tag-news","18":"tag-russie","19":"tag-union-europeenne-ue","20":"tag-video","21":"tag-vladimir-poutine","22":"tag-volodymyr-zelensky","23":"tag-world"},"share_on_mastodon":{"url":"https:\/\/pubeurope.com\/@fr\/115733834242750339","error":""},"_links":{"self":[{"href":"https:\/\/www.europesays.com\/fr\/wp-json\/wp\/v2\/posts\/604743","targetHints":{"allow":["GET"]}}],"collection":[{"href":"https:\/\/www.europesays.com\/fr\/wp-json\/wp\/v2\/posts"}],"about":[{"href":"https:\/\/www.europesays.com\/fr\/wp-json\/wp\/v2\/types\/post"}],"author":[{"embeddable":true,"href":"https:\/\/www.europesays.com\/fr\/wp-json\/wp\/v2\/users\/2"}],"replies":[{"embeddable":true,"href":"https:\/\/www.europesays.com\/fr\/wp-json\/wp\/v2\/comments?post=604743"}],"version-history":[{"count":0,"href":"https:\/\/www.europesays.com\/fr\/wp-json\/wp\/v2\/posts\/604743\/revisions"}],"wp:featuredmedia":[{"embeddable":true,"href":"https:\/\/www.europesays.com\/fr\/wp-json\/wp\/v2\/media\/604744"}],"wp:attachment":[{"href":"https:\/\/www.europesays.com\/fr\/wp-json\/wp\/v2\/media?parent=604743"}],"wp:term":[{"taxonomy":"category","embeddable":true,"href":"https:\/\/www.europesays.com\/fr\/wp-json\/wp\/v2\/categories?post=604743"},{"taxonomy":"post_tag","embeddable":true,"href":"https:\/\/www.europesays.com\/fr\/wp-json\/wp\/v2\/tags?post=604743"}],"curies":[{"name":"wp","href":"https:\/\/api.w.org\/{rel}","templated":true}]}}