{"id":604749,"date":"2025-12-17T07:57:47","date_gmt":"2025-12-17T07:57:47","guid":{"rendered":"https:\/\/www.europesays.com\/fr\/604749\/"},"modified":"2025-12-17T07:57:47","modified_gmt":"2025-12-17T07:57:47","slug":"saint-chamond-la-croix-rouge-organise-une-journee-pour-se-former-aux-gestes-de-premiers-secours","status":"publish","type":"post","link":"https:\/\/www.europesays.com\/fr\/604749\/","title":{"rendered":"Saint-Chamond. La Croix-Rouge organise une journ\u00e9e pour se former aux gestes de premiers secours"},"content":{"rendered":"<p>\u00ab\u00a0La Croix-Rouge propose des journ\u00e9es de formation grand public aux premiers secours qui sont toujours tr\u00e8s demand\u00e9es. La prochaine aura lieu jeudi 18\u00a0d\u00e9cembre. Il reste trois places, mais si les candidatures sont plus nombreuses, on s\u2019adaptera et on ouvrira une deuxi\u00e8me date, annonce Marion Roger, secr\u00e9taire volontaire de l\u2019association. On peut s\u2019inscrire via internet ou en nous contactant directement.\u00a0\u00bb<\/p>\n<p>Formateur de formateurs en premiers secours civils (PSC),&#8230;<\/p>\n","protected":false},"excerpt":{"rendered":"\u00ab\u00a0La Croix-Rouge propose des journ\u00e9es de formation grand public aux premiers secours qui sont toujours tr\u00e8s demand\u00e9es. La&hellip;\n","protected":false},"author":2,"featured_media":604750,"comment_status":"","ping_status":"","sticky":false,"template":"","format":"standard","meta":{"footnotes":""},"categories":[9653],"tags":[1111,11,2430,7539,1777,674,1011,27,12,25,9669,9670,4001,104,1631],"class_list":{"0":"post-604749","1":"post","2":"type-post","3":"status-publish","4":"format-standard","5":"has-post-thumbnail","7":"category-saint-etienne","8":"tag-actu","9":"tag-actualites","10":"tag-auvergne-rhone-alpes","11":"tag-edition-loire-sud","12":"tag-eu","13":"tag-europe","14":"tag-fr","15":"tag-france","16":"tag-news","17":"tag-republique-francaise","18":"tag-saint-chamond","19":"tag-saint-chamond-ville","20":"tag-saint-etienne","21":"tag-societe","22":"tag-vie-associative"},"share_on_mastodon":{"url":"https:\/\/pubeurope.com\/@fr\/115733850036572176","error":""},"_links":{"self":[{"href":"https:\/\/www.europesays.com\/fr\/wp-json\/wp\/v2\/posts\/604749","targetHints":{"allow":["GET"]}}],"collection":[{"href":"https:\/\/www.europesays.com\/fr\/wp-json\/wp\/v2\/posts"}],"about":[{"href":"https:\/\/www.europesays.com\/fr\/wp-json\/wp\/v2\/types\/post"}],"author":[{"embeddable":true,"href":"https:\/\/www.europesays.com\/fr\/wp-json\/wp\/v2\/users\/2"}],"replies":[{"embeddable":true,"href":"https:\/\/www.europesays.com\/fr\/wp-json\/wp\/v2\/comments?post=604749"}],"version-history":[{"count":0,"href":"https:\/\/www.europesays.com\/fr\/wp-json\/wp\/v2\/posts\/604749\/revisions"}],"wp:featuredmedia":[{"embeddable":true,"href":"https:\/\/www.europesays.com\/fr\/wp-json\/wp\/v2\/media\/604750"}],"wp:attachment":[{"href":"https:\/\/www.europesays.com\/fr\/wp-json\/wp\/v2\/media?parent=604749"}],"wp:term":[{"taxonomy":"category","embeddable":true,"href":"https:\/\/www.europesays.com\/fr\/wp-json\/wp\/v2\/categories?post=604749"},{"taxonomy":"post_tag","embeddable":true,"href":"https:\/\/www.europesays.com\/fr\/wp-json\/wp\/v2\/tags?post=604749"}],"curies":[{"name":"wp","href":"https:\/\/api.w.org\/{rel}","templated":true}]}}