{"id":604760,"date":"2025-12-17T08:03:09","date_gmt":"2025-12-17T08:03:09","guid":{"rendered":"https:\/\/www.europesays.com\/fr\/604760\/"},"modified":"2025-12-17T08:03:09","modified_gmt":"2025-12-17T08:03:09","slug":"une-maison-detruite-par-un-incendie-au-nord-de-montpellier-un-couple-indemne-reloge","status":"publish","type":"post","link":"https:\/\/www.europesays.com\/fr\/604760\/","title":{"rendered":"Une maison d\u00e9truite par un incendie au nord de Montpellier : un couple indemne relog\u00e9"},"content":{"rendered":"<p>                    Par<br \/>\n        <strong><br \/>\n            <a href=\"https:\/\/actu.fr\/auteur\/jm-aubert\" title=\"Consulter tous les articles de Jean-Marc Aubert\" target=\"_blank\" rel=\"noopener\">Jean-Marc Aubert<\/a><br \/>\n                    <\/strong><\/p>\n<p>        Publi\u00e9 le<\/p>\n<p>            17 d\u00e9c. 2025 \u00e0 8h42        <\/p>\n<p>Un violent <strong>incendie<\/strong> a d\u00e9truit en grande partie une maison d\u2019un \u00e9tage, dans la commune des <strong>Plans<\/strong>, dans le Lod\u00e9vois, \u00e0 45 km au nord de Montpellier, ce mardi soir. Le couple de personnes \u00e2g\u00e9es sont indemnes.<\/p>\n<p class=\" wall-content\">L\u2019alerte a \u00e9t\u00e9 donn\u00e9e vers 20h, ce mardi 16 d\u00e9cembre 2025, au<strong> Sdis 34<\/strong> qui a d\u00e9p\u00each\u00e9 de gros moyens, sur la route de Lod\u00e8ve, dans le village des Plans, o\u00f9 une habitation d\u2019un \u00e9tage \u00e9tait en flammes.\u00a0<\/p>\n<p>    <a href=\"https:\/\/www.google.com\/maps\/embed?pb=!1m18!1m12!1m3!1d46104.48154324046!2d3.1932409767419228!3d43.761853919059945!2m3!1f0!2f0!3f0!3m2!1i1024!2i768!4f13.1!3m3!1m2!1s0x12b3d8164a45b84d%3A0x4078821166ac240!2s34700%20Les%20Plans!5e0!3m2!1sfr!2sfr!4v1765957164109!5m2!1sfr!2sfr\" title=\"Ouvrie le lien\" target=\"_blank\" rel=\"noopener\">Cliquez ici pour visualiser le contenu<\/a><\/p>\n<p class=\" wall-content\">\u00c0 l\u2019arriv\u00e9e des sapeurs-pompiers, le premier \u00e9tage \u00e9tait enti\u00e8rement embras\u00e9 et les flammes mena\u00e7aient de s\u2019attaquer \u00e0 l\u2019\u00e9tage, qui a \u00e9t\u00e9 fortement endommag\u00e9 par les \u00e9paisses fum\u00e9es. Le chien des propri\u00e9taires pi\u00e9g\u00e9 par le brasier a \u00e9t\u00e9 retrouv\u00e9 sans vie dans les d\u00e9combres du rez-de-chauss\u00e9e de 80m2.<\/p>\n<p class=\" wall-content\">Les deux personnes \u00e2g\u00e9es qui r\u00e9sident dans cette maison ont r\u00e9ussi \u00e0 quitter les lieux avant l\u2019intervention des premiers \u00ab\u00a0soldats du feu\u00a0\u00bb venus de la caserne de Lod\u00e8ve. Indemne, mais choqu\u00e9, le couple a \u00e9t\u00e9 pris en charge par le maire de la commune pr\u00e9sent sur place, afin de trouver une solution de relogement, ce qui a \u00e9t\u00e9 fait rapidement.<\/p>\n<p>Vid\u00e9os : en ce moment sur Actu<\/p>\n<p class=\" wall-content\">L\u2019origine de l\u2019incendie serait accidentelle. Les <strong>gendarmes<\/strong> de la compagnie de Lod\u00e8ve sont charg\u00e9s de l\u2019enqu\u00eate.<\/p>\n<p class=\" wall-content\">Personnalisez votre actualit\u00e9 en ajoutant vos villes et m\u00e9dias en favori avec <a href=\"https:\/\/moncompte.actu.fr\" title=\"D\u00e9couvez Mon Actu\" rel=\"nofollow noopener\" data-trk=\"{&quot;cta&quot;:{&quot;action&quot;:&quot;https:\\\/\\\/moncompte.actu.fr&quot;,&quot;category&quot;:&quot;mon compte&quot;,&quot;from&quot;:&quot;article footer&quot;,&quot;name&quot;:&quot;Mon actu&quot;,&quot;type&quot;:&quot;cta&quot;}}\" target=\"_blank\">Mon Actu<\/a>.<\/p>\n","protected":false},"excerpt":{"rendered":"Par Jean-Marc Aubert Publi\u00e9 le 17 d\u00e9c. 2025 \u00e0 8h42 Un violent incendie a d\u00e9truit en grande partie&hellip;\n","protected":false},"author":2,"featured_media":604761,"comment_status":"","ping_status":"","sticky":false,"template":"","format":"standard","meta":{"footnotes":""},"categories":[9599],"tags":[1111,11,1777,674,118,1011,27,3381,1310,2208,12,2680,1311,25],"class_list":{"0":"post-604760","1":"post","2":"type-post","3":"status-publish","4":"format-standard","5":"has-post-thumbnail","7":"category-montpellier","8":"tag-actu","9":"tag-actualites","10":"tag-eu","11":"tag-europe","12":"tag-faits-divers","13":"tag-fr","14":"tag-france","15":"tag-gendarmerie","16":"tag-incendie","17":"tag-montpellier","18":"tag-news","19":"tag-occitanie","20":"tag-pompiers","21":"tag-republique-francaise"},"share_on_mastodon":{"url":"https:\/\/pubeurope.com\/@fr\/115733869742396259","error":""},"_links":{"self":[{"href":"https:\/\/www.europesays.com\/fr\/wp-json\/wp\/v2\/posts\/604760","targetHints":{"allow":["GET"]}}],"collection":[{"href":"https:\/\/www.europesays.com\/fr\/wp-json\/wp\/v2\/posts"}],"about":[{"href":"https:\/\/www.europesays.com\/fr\/wp-json\/wp\/v2\/types\/post"}],"author":[{"embeddable":true,"href":"https:\/\/www.europesays.com\/fr\/wp-json\/wp\/v2\/users\/2"}],"replies":[{"embeddable":true,"href":"https:\/\/www.europesays.com\/fr\/wp-json\/wp\/v2\/comments?post=604760"}],"version-history":[{"count":0,"href":"https:\/\/www.europesays.com\/fr\/wp-json\/wp\/v2\/posts\/604760\/revisions"}],"wp:featuredmedia":[{"embeddable":true,"href":"https:\/\/www.europesays.com\/fr\/wp-json\/wp\/v2\/media\/604761"}],"wp:attachment":[{"href":"https:\/\/www.europesays.com\/fr\/wp-json\/wp\/v2\/media?parent=604760"}],"wp:term":[{"taxonomy":"category","embeddable":true,"href":"https:\/\/www.europesays.com\/fr\/wp-json\/wp\/v2\/categories?post=604760"},{"taxonomy":"post_tag","embeddable":true,"href":"https:\/\/www.europesays.com\/fr\/wp-json\/wp\/v2\/tags?post=604760"}],"curies":[{"name":"wp","href":"https:\/\/api.w.org\/{rel}","templated":true}]}}