{"id":604764,"date":"2025-12-17T08:05:19","date_gmt":"2025-12-17T08:05:19","guid":{"rendered":"https:\/\/www.europesays.com\/fr\/604764\/"},"modified":"2025-12-17T08:05:19","modified_gmt":"2025-12-17T08:05:19","slug":"la-vaupaliere-un-jeune-conseiller-municipal-se-presente-aux-prochaines-elections","status":"publish","type":"post","link":"https:\/\/www.europesays.com\/fr\/604764\/","title":{"rendered":"La Vaupali\u00e8re. Un jeune conseiller municipal se pr\u00e9sente aux prochaines \u00e9lections"},"content":{"rendered":"<p>\t\t\t\t\t\t\tPolitique.<\/p>\n<p>\t\t\t\t\tJeune \u00e9lu au conseil municipal de La Vaupali\u00e8re, Baptiste Dias Ferreira est t\u00eate de liste pour les prochaines \u00e9lections de mars\u00a02026.\t\t\t\t<\/p>\n<p>\n\t\t\t\t\tPubli\u00e9 le<br \/>\n\t\t\t\t\t17\/12\/2025 \u00e0 08h39 &#8211; Par Julie Hervieux\t\t\t\t\t<\/p>\n<p>\t\t\t\t\t\t\t\t<img decoding=\"async\" class=\"media illustration\" src=\"https:\/\/www.europesays.com\/fr\/wp-content\/uploads\/2025\/12\/1765958719_814_\" width=\"1200\" height=\"578\" loading=\"eager\" fetchpriority=\"high\" alt=\"La Vaupali\u00e8re. Un jeune conseiller municipal se pr\u00e9sente aux prochaines \u00e9lections\"\/><\/p>\n<p>\t\t\t\t\t\t\t\t\t\t\t\t\t\t\tBaptiste Dias Ferreira est t\u00eate de liste pour les prochaines \u00e9lections municipales &#8211; DR<\/p>\n","protected":false},"excerpt":{"rendered":"Politique. Jeune \u00e9lu au conseil municipal de La Vaupali\u00e8re, Baptiste Dias Ferreira est t\u00eate de liste pour les&hellip;\n","protected":false},"author":2,"featured_media":604765,"comment_status":"","ping_status":"","sticky":false,"template":"","format":"standard","meta":{"footnotes":""},"categories":[9587],"tags":[1111,11,1777,674,1011,27,12,5161,25,9590],"class_list":{"0":"post-604764","1":"post","2":"type-post","3":"status-publish","4":"format-standard","5":"has-post-thumbnail","7":"category-rouen","8":"tag-actu","9":"tag-actualites","10":"tag-eu","11":"tag-europe","12":"tag-fr","13":"tag-france","14":"tag-news","15":"tag-normandie","16":"tag-republique-francaise","17":"tag-rouen"},"share_on_mastodon":{"url":"https:\/\/pubeurope.com\/@fr\/115733878509106008","error":""},"_links":{"self":[{"href":"https:\/\/www.europesays.com\/fr\/wp-json\/wp\/v2\/posts\/604764","targetHints":{"allow":["GET"]}}],"collection":[{"href":"https:\/\/www.europesays.com\/fr\/wp-json\/wp\/v2\/posts"}],"about":[{"href":"https:\/\/www.europesays.com\/fr\/wp-json\/wp\/v2\/types\/post"}],"author":[{"embeddable":true,"href":"https:\/\/www.europesays.com\/fr\/wp-json\/wp\/v2\/users\/2"}],"replies":[{"embeddable":true,"href":"https:\/\/www.europesays.com\/fr\/wp-json\/wp\/v2\/comments?post=604764"}],"version-history":[{"count":0,"href":"https:\/\/www.europesays.com\/fr\/wp-json\/wp\/v2\/posts\/604764\/revisions"}],"wp:featuredmedia":[{"embeddable":true,"href":"https:\/\/www.europesays.com\/fr\/wp-json\/wp\/v2\/media\/604765"}],"wp:attachment":[{"href":"https:\/\/www.europesays.com\/fr\/wp-json\/wp\/v2\/media?parent=604764"}],"wp:term":[{"taxonomy":"category","embeddable":true,"href":"https:\/\/www.europesays.com\/fr\/wp-json\/wp\/v2\/categories?post=604764"},{"taxonomy":"post_tag","embeddable":true,"href":"https:\/\/www.europesays.com\/fr\/wp-json\/wp\/v2\/tags?post=604764"}],"curies":[{"name":"wp","href":"https:\/\/api.w.org\/{rel}","templated":true}]}}