{"id":604766,"date":"2025-12-17T08:06:17","date_gmt":"2025-12-17T08:06:17","guid":{"rendered":"https:\/\/www.europesays.com\/fr\/604766\/"},"modified":"2025-12-17T08:06:17","modified_gmt":"2025-12-17T08:06:17","slug":"connaissez-vous-les-deux-plus-anciens-commercants-du-marche-de-noel-a-rouen","status":"publish","type":"post","link":"https:\/\/www.europesays.com\/fr\/604766\/","title":{"rendered":"Connaissez-vous les deux plus anciens commer\u00e7ants du march\u00e9 de No\u00ebl \u00e0 Rouen\u00a0?"},"content":{"rendered":"<p>                    Par<br \/>\n        <strong><br \/>\n            <a href=\"https:\/\/actu.fr\/auteur\/lily-dedeye\" title=\"Consulter tous les articles de Lily Dedeye\" target=\"_blank\" rel=\"noopener\">Lily Dedeye<\/a><br \/>\n                    <\/strong><\/p>\n<p>        Publi\u00e9 le<\/p>\n<p>            17 d\u00e9c. 2025 \u00e0 8h16        <\/p>\n<p><img decoding=\"async\" loading=\"lazy\" src=\"https:\/\/www.europesays.com\/fr\/wp-content\/uploads\/2025\/12\/img-3409-960x640.jpg\" alt=\"Le moulin \u00e0 huile d'Aubagne expose sur le march\u00e9 depuis sa cr\u00e9ation. Sylvie tient la boutique depuis 2009.\" width=\"960\" height=\"640\"\/>Le moulin \u00e0 huile d\u2019Aubagne expose sur le march\u00e9 depuis sa cr\u00e9ation. Sylvie tient la boutique depuis 2009. (\u00a9Lily Dedeye)<\/p>\n<p class=\" wall-content\">Le moulin \u00e0 huile d\u2019Aubagne et le chalet Alsacien font partie des plus vieux stand du <a href=\"https:\/\/actu.fr\/normandie\/rouen_76540\/patinoire-ephemere-grande-parade-illuminations-le-programme-des-animations-de-noel-a-rouen_63473134.html\" target=\"_blank\" rel=\"noopener\">march\u00e9 de No\u00ebl de Rouen<\/a>. Pr\u00e9sents chaque ann\u00e9e depuis sa cr\u00e9ation en 1996, ils ont vu le march\u00e9 <strong>na\u00eetre et \u00e9voluer<\/strong>. Ils reviennent sur leurs d\u00e9buts 30 ans plus t\u00f4t.\u00a0\u00a0<\/p>\n<p>L\u2019arriv\u00e9e sur le march\u00e9<\/p>\n<p class=\" wall-content\">Le march\u00e9 de No\u00ebl a \u00e9t\u00e9 cr\u00e9\u00e9 il y a 30 ans par la Ville de Rouen, <strong>\u00e0 l\u2019initiative des commer\u00e7ants<\/strong>. \u00c0 l\u2019\u00e9poque, tous sont tr\u00e8s engag\u00e9s et proposent \u00e0 de nombreux petits commerces dans toute la France de venir exposer. \u00ab\u00a0Ma belle-s\u0153ur faisait partie de ces commer\u00e7ants et elle a propos\u00e9 au Moulin \u00e0 Huile d\u2019Aubagne de venir exposer\u00a0\u00bb, raconte Sylvie. \u00ab\u00a0Mais \u00e0 l\u2019origine c\u2019est le propri\u00e9taire qui tenait la boutique. Moi je ne suis arriv\u00e9e qu\u2019en 2009.\u00a0\u00bb<\/p>\n<p class=\" wall-content\">\u00c0 l\u2019\u00e9poque, la mairie se tourne \u00e9galement du c\u00f4t\u00e9 du march\u00e9 de No\u00ebl de Strasbourg pour d\u00e9nicher quelques exposants suppl\u00e9mentaires. \u00ab\u00a0En 1996, \u00e0 Strasbourg, la mairie de Rouen est venue me demander si je voulais exposer l\u00e0-bas. Comme je ne pouvais pas exposer \u00e0 Strasbourg, je me suis retrouv\u00e9e ici !\u00a0\u00bb, explique Audrey Fornara.<\/p>\n<blockquote class=\"ac-article-quote wall-content\">\n<p>\u00c0 Strasbourg, les emplacements se transmettent de g\u00e9n\u00e9ration en g\u00e9n\u00e9ration. Ma m\u00e8re n&rsquo;\u00e9tant pas encore \u00e0 la retraite, je ne peux pour le moment pas exposer l\u00e0-bas.<\/p>\n<p>    <strong>Audrey<\/strong><br \/>\n        Vendeuse du Chalet Alsacien    <\/p><\/blockquote>\n<p>Des sucreries, du vin et des santons<\/p>\n<p class=\" wall-content\">Depuis maintenant plus de 20 ans, les deux commer\u00e7antes exposent chaque ann\u00e9e sur le march\u00e9 de No\u00ebl. Le chalet alsacien est sp\u00e9cialis\u00e9 dans le <strong>vin chaud, cr\u00eapes, gaufres<\/strong> et sucreries de no\u00ebl tandis que Sylvie elle, est sp\u00e9cialis\u00e9e dans la vente de<strong> santons.<\/strong>\u00a0<\/p>\n<p>Vid\u00e9os : en ce moment sur Actu<\/p>\n<blockquote class=\"ac-article-quote wall-content\">\n<p>J&rsquo;aime \u00eatre vendeuse pour cette boutique car je trouve cela noble, les santons. Cela symbolise la cr\u00e8che ! Vous savez, m\u00eame les personnes peu fortun\u00e9es, viennent acheter tous les ans leur petit santon !<\/p>\n<p>    <strong>Sylvie<\/strong><br \/>\n        Vendeuse du Moulin \u00e0 Huile    <\/p><\/blockquote>\n<p>Votre r\u00e9gion, votre actu !<\/p>\n<p>Recevez chaque jour les infos qui comptent pour vous.<\/p>\n<p>\t<a href=\"https:\/\/actu.fr\/newsletter\" class=\"ac-btn ac-btn--corner ac-btn--medium ac-btn--blue800\" target=\"_blank\" rel=\"noopener\">S&rsquo;incrire<\/a><br \/>\nDes visages familiers<\/p>\n<p class=\" wall-content\">Au fil des ann\u00e9es, il arrive aux commer\u00e7antes de changer de place sur le march\u00e9. Mais leur fid\u00e8le client\u00e8le n\u2019a pas de mal \u00e0 les retrouver. Sylvie et Audrey sont maintenant bien connues. \u00ab\u00a0Nous revoyons souvent les m\u00eames personnes, \u00e7a nous fait plaisir\u00a0\u00bb, dit Audrey.\u00a0<\/p>\n<p class=\" wall-content\">\u00ab\u00a0Et c\u2019est g\u00e9nial parce qu\u2019on voit nos habitu\u00e9s \u00e9voluer au fil des ann\u00e9es!\u00a0\u00bb compl\u00e8te Sylvie. \u00ab\u00a0Une ancienne cliente est revenue me voir cette ann\u00e9e. Je ne m\u2019y attendais pas, j\u2019ai appris qu\u2019elle \u00e9tait enceinte !\u00a0\u00bb finit-elle en souriant.<\/p>\n<p>Suivez l\u2019actualit\u00e9 de Rouen <a href=\"https:\/\/www.whatsapp.com\/channel\/0029VaKfnf99hXF2ddApFB1D\" target=\"_blank\" rel=\"noopener\">sur notre cha\u00eene WhatsApp<\/a> et <a href=\"https:\/\/www.tiktok.com\/@76actu.fr?lang=fr\" target=\"_blank\" rel=\"noopener\">sur notre compte TikTok<\/a><\/p>\n<p class=\" wall-content\">Personnalisez votre actualit\u00e9 en ajoutant vos villes et m\u00e9dias en favori avec <a href=\"https:\/\/moncompte.actu.fr\" title=\"D\u00e9couvez Mon Actu\" rel=\"nofollow noopener\" data-trk=\"{&quot;cta&quot;:{&quot;action&quot;:&quot;https:\\\/\\\/moncompte.actu.fr&quot;,&quot;category&quot;:&quot;mon compte&quot;,&quot;from&quot;:&quot;article footer&quot;,&quot;name&quot;:&quot;Mon actu&quot;,&quot;type&quot;:&quot;cta&quot;}}\" target=\"_blank\">Mon Actu<\/a>.<\/p>\n<p>                    <script async src=\"\/\/www.tiktok.com\/embed.js\"><\/script><\/p>\n","protected":false},"excerpt":{"rendered":"Par Lily Dedeye Publi\u00e9 le 17 d\u00e9c. 2025 \u00e0 8h16 Le moulin \u00e0 huile d\u2019Aubagne expose sur le&hellip;\n","protected":false},"author":2,"featured_media":604767,"comment_status":"","ping_status":"","sticky":false,"template":"","format":"standard","meta":{"footnotes":""},"categories":[9587],"tags":[1111,11,1777,674,1011,27,1652,2089,12,15830,5161,25,9590],"class_list":{"0":"post-604766","1":"post","2":"type-post","3":"status-publish","4":"format-standard","5":"has-post-thumbnail","7":"category-rouen","8":"tag-actu","9":"tag-actualites","10":"tag-eu","11":"tag-europe","12":"tag-fr","13":"tag-france","14":"tag-loisirs-culture","15":"tag-marche","16":"tag-news","17":"tag-noel","18":"tag-normandie","19":"tag-republique-francaise","20":"tag-rouen"},"share_on_mastodon":{"url":"https:\/\/pubeurope.com\/@fr\/115733881800475083","error":""},"_links":{"self":[{"href":"https:\/\/www.europesays.com\/fr\/wp-json\/wp\/v2\/posts\/604766","targetHints":{"allow":["GET"]}}],"collection":[{"href":"https:\/\/www.europesays.com\/fr\/wp-json\/wp\/v2\/posts"}],"about":[{"href":"https:\/\/www.europesays.com\/fr\/wp-json\/wp\/v2\/types\/post"}],"author":[{"embeddable":true,"href":"https:\/\/www.europesays.com\/fr\/wp-json\/wp\/v2\/users\/2"}],"replies":[{"embeddable":true,"href":"https:\/\/www.europesays.com\/fr\/wp-json\/wp\/v2\/comments?post=604766"}],"version-history":[{"count":0,"href":"https:\/\/www.europesays.com\/fr\/wp-json\/wp\/v2\/posts\/604766\/revisions"}],"wp:featuredmedia":[{"embeddable":true,"href":"https:\/\/www.europesays.com\/fr\/wp-json\/wp\/v2\/media\/604767"}],"wp:attachment":[{"href":"https:\/\/www.europesays.com\/fr\/wp-json\/wp\/v2\/media?parent=604766"}],"wp:term":[{"taxonomy":"category","embeddable":true,"href":"https:\/\/www.europesays.com\/fr\/wp-json\/wp\/v2\/categories?post=604766"},{"taxonomy":"post_tag","embeddable":true,"href":"https:\/\/www.europesays.com\/fr\/wp-json\/wp\/v2\/tags?post=604766"}],"curies":[{"name":"wp","href":"https:\/\/api.w.org\/{rel}","templated":true}]}}